{"id":314353,"date":"2017-08-14T00:54:35","date_gmt":"2017-08-14T05:54:35","guid":{"rendered":"http:\/\/diarioavancetabasco.com\/?p=314353"},"modified":"2017-08-14T00:55:05","modified_gmt":"2017-08-14T05:55:05","slug":"detienen-a-dos-por-asalto-a-un-autobus","status":"publish","type":"post","link":"https:\/\/diarioavancetabasco.com\/?p=314353","title":{"rendered":"Detienen a dos por asalto a un autob\u00fas"},"content":{"rendered":"<p><!--\np.p1 {margin: 0.0px 0.0px 0.0px 0.0px; text-align: justify; line-height: 10.0px; font: 52.0px Helvetica}\np.p2 {margin: 0.0px 0.0px 0.0px 0.0px; text-align: justify; line-height: 10.0px; font: 10.0px Helvetica}\np.p3 {margin: 0.0px 0.0px 0.0px 0.0px; text-align: justify; text-indent: 6.0px; line-height: 10.0px; font: 10.0px Helvetica}\nspan.s1 {font-kerning: none}\n-->Dos sujetos fueron detenidos por elementos de la Secretar\u00eda de Seguridad P\u00fablica (SSP) como probables responsables del asalto con violencia a un autob\u00fas de la l\u00ednea Cardesa donde presuntamente despojaron de sus pertenencias a los pasajeros y lesionaron a dos de ellos.<\/p>\n<p>La Polic\u00eda Estatal actu\u00f3 de inmediato al tomar conocimiento del hecho que ocurri\u00f3 la ma\u00f1ana de este domingo 13 de agosto cuando se report\u00f3 el asalto al autob\u00fas que circulaba sobre la carretera Villahermosa-C\u00e1rdenas.<\/p>\n<p>Al llegar al lugar los efectivos estatales montaron un operativo en la zona que result\u00f3 en la localizaci\u00f3n y detenci\u00f3n de dos probables responsables del il\u00edcito, quienes fueron turnados a la Fiscal\u00eda General del Estado (FGE) para determinar su situaci\u00f3n legal.<\/p>\n<p>En tanto, dos pasajeros que presentaron lesiones -un hombre y una mujer- recibieron la atenci\u00f3n m\u00e9dica correspondiente.<\/p>\n","protected":false},"excerpt":{"rendered":"<p>Dos sujetos fueron detenidos por elementos de la Secretar\u00eda de Seguridad P\u00fablica (SSP) como probables responsables del asalto con violencia a un autob\u00fas de la l\u00ednea Cardesa donde presuntamente despojaron de sus pertenencias a los pasajeros y lesionaron a dos de ellos. La Polic\u00eda Estatal actu\u00f3 de inmediato al tomar conocimiento del hecho que ocurri\u00f3 [&hellip;]<\/p>\n","protected":false},"author":2,"featured_media":314293,"comment_status":"closed","ping_status":"closed","sticky":false,"template":"","format":"standard","meta":{"footnotes":""},"categories":[5],"tags":[],"class_list":["post-314353","post","type-post","status-publish","format-standard","has-post-thumbnail","hentry","category-sucesos"],"_links":{"self":[{"href":"https:\/\/diarioavancetabasco.com\/index.php?rest_route=\/wp\/v2\/posts\/314353","targetHints":{"allow":["GET"]}}],"collection":[{"href":"https:\/\/diarioavancetabasco.com\/index.php?rest_route=\/wp\/v2\/posts"}],"about":[{"href":"https:\/\/diarioavancetabasco.com\/index.php?rest_route=\/wp\/v2\/types\/post"}],"author":[{"embeddable":true,"href":"https:\/\/diarioavancetabasco.com\/index.php?rest_route=\/wp\/v2\/users\/2"}],"replies":[{"embeddable":true,"href":"https:\/\/diarioavancetabasco.com\/index.php?rest_route=%2Fwp%2Fv2%2Fcomments&post=314353"}],"version-history":[{"count":2,"href":"https:\/\/diarioavancetabasco.com\/index.php?rest_route=\/wp\/v2\/posts\/314353\/revisions"}],"predecessor-version":[{"id":314387,"href":"https:\/\/diarioavancetabasco.com\/index.php?rest_route=\/wp\/v2\/posts\/314353\/revisions\/314387"}],"wp:featuredmedia":[{"embeddable":true,"href":"https:\/\/diarioavancetabasco.com\/index.php?rest_route=\/wp\/v2\/media\/314293"}],"wp:attachment":[{"href":"https:\/\/diarioavancetabasco.com\/index.php?rest_route=%2Fwp%2Fv2%2Fmedia&parent=314353"}],"wp:term":[{"taxonomy":"category","embeddable":true,"href":"https:\/\/diarioavancetabasco.com\/index.php?rest_route=%2Fwp%2Fv2%2Fcategories&post=314353"},{"taxonomy":"post_tag","embeddable":true,"href":"https:\/\/diarioavancetabasco.com\/index.php?rest_route=%2Fwp%2Fv2%2Ftags&post=314353"}],"curies":[{"name":"wp","href":"https:\/\/api.w.org\/{rel}","templated":true}]}}