{"id":314431,"date":"2017-08-15T00:09:05","date_gmt":"2017-08-15T05:09:05","guid":{"rendered":"http:\/\/diarioavancetabasco.com\/?p=314431"},"modified":"2017-08-15T00:11:02","modified_gmt":"2017-08-15T05:11:02","slug":"cumple-gaudiano-con-techumbre","status":"publish","type":"post","link":"https:\/\/diarioavancetabasco.com\/?p=314431","title":{"rendered":"Cumple Gaudiano con \u2018techumbre\u2019"},"content":{"rendered":"<p><!--\np.p1 {margin: 0.0px 0.0px 0.0px 0.0px; text-align: justify; line-height: 10.0px; font: 52.0px Helvetica}\np.p2 {margin: 0.0px 0.0px 0.0px 0.0px; text-align: justify; line-height: 10.0px; font: 10.0px Helvetica}\np.p3 {margin: 0.0px 0.0px 0.0px 0.0px; text-align: justify; text-indent: 6.0px; line-height: 10.0px; font: 10.0px Helvetica}\nspan.s1 {font-kerning: none}\n-->El alcalde de Centro, Gerardo Gaudiano Rovirosa, inaugur\u00f3 y devel\u00f3 placa alusiva por la construcci\u00f3n de la techumbre del plantel 26 del Colegio de Bachilleres de Tabasco (Cobatab), en la rancher\u00eda Pl\u00e1tano y Cacao 2\u00aa secci\u00f3n, que era una demanda de la comunidad desde hace un cuarto de siglo.<\/p>\n<p>Este lunes, durante la bienvenida a estudiantes que iniciaron el semestre 2017-B, encabezada por el mandatario estatal, Arturo N\u00fa\u00f1ez Jim\u00e9nez, el director general del Cobatab, Jaime Mier y Ter\u00e1n Su\u00e1rez; Emilio de Ygart\u00faa y Monteverde, subsecretario de Educaci\u00f3n Media Superior, entre otros funcionarios, el edil destac\u00f3 que con obras se cumple a los estudiantes. \u201cNosotros desde el honorable Ayuntamiento de Centro aportamos en la medida de nuestras posibilidades tambi\u00e9n al Cobatab nuestro granito de arena, con obras como esta techumbre que hoy los protege de las inclemencias del tiempo, en este plantel 26\u201d, subray\u00f3 Gaudiano, para benepl\u00e1cito de los bachilleres, los cuales fueron representados por Melquisidec Jim\u00e9nez, campe\u00f3n estatal de Oratoria.<\/p>\n","protected":false},"excerpt":{"rendered":"<p>El alcalde de Centro, Gerardo Gaudiano Rovirosa, inaugur\u00f3 y devel\u00f3 placa alusiva por la construcci\u00f3n de la techumbre del plantel 26 del Colegio de Bachilleres de Tabasco (Cobatab), en la rancher\u00eda Pl\u00e1tano y Cacao 2\u00aa secci\u00f3n, que era una demanda de la comunidad desde hace un cuarto de siglo. Este lunes, durante la bienvenida a [&hellip;]<\/p>\n","protected":false},"author":2,"featured_media":314399,"comment_status":"closed","ping_status":"closed","sticky":false,"template":"","format":"standard","meta":{"footnotes":""},"categories":[9],"tags":[],"class_list":["post-314431","post","type-post","status-publish","format-standard","has-post-thumbnail","hentry","category-politica"],"_links":{"self":[{"href":"https:\/\/diarioavancetabasco.com\/index.php?rest_route=\/wp\/v2\/posts\/314431","targetHints":{"allow":["GET"]}}],"collection":[{"href":"https:\/\/diarioavancetabasco.com\/index.php?rest_route=\/wp\/v2\/posts"}],"about":[{"href":"https:\/\/diarioavancetabasco.com\/index.php?rest_route=\/wp\/v2\/types\/post"}],"author":[{"embeddable":true,"href":"https:\/\/diarioavancetabasco.com\/index.php?rest_route=\/wp\/v2\/users\/2"}],"replies":[{"embeddable":true,"href":"https:\/\/diarioavancetabasco.com\/index.php?rest_route=%2Fwp%2Fv2%2Fcomments&post=314431"}],"version-history":[{"count":2,"href":"https:\/\/diarioavancetabasco.com\/index.php?rest_route=\/wp\/v2\/posts\/314431\/revisions"}],"predecessor-version":[{"id":314477,"href":"https:\/\/diarioavancetabasco.com\/index.php?rest_route=\/wp\/v2\/posts\/314431\/revisions\/314477"}],"wp:featuredmedia":[{"embeddable":true,"href":"https:\/\/diarioavancetabasco.com\/index.php?rest_route=\/wp\/v2\/media\/314399"}],"wp:attachment":[{"href":"https:\/\/diarioavancetabasco.com\/index.php?rest_route=%2Fwp%2Fv2%2Fmedia&parent=314431"}],"wp:term":[{"taxonomy":"category","embeddable":true,"href":"https:\/\/diarioavancetabasco.com\/index.php?rest_route=%2Fwp%2Fv2%2Fcategories&post=314431"},{"taxonomy":"post_tag","embeddable":true,"href":"https:\/\/diarioavancetabasco.com\/index.php?rest_route=%2Fwp%2Fv2%2Ftags&post=314431"}],"curies":[{"name":"wp","href":"https:\/\/api.w.org\/{rel}","templated":true}]}}