{"id":362596,"date":"2018-10-02T00:43:52","date_gmt":"2018-10-02T05:43:52","guid":{"rendered":"http:\/\/diarioavancetabasco.com\/?p=362596"},"modified":"2018-10-02T00:43:57","modified_gmt":"2018-10-02T05:43:57","slug":"dispone-morena-de-camionetas","status":"publish","type":"post","link":"https:\/\/diarioavancetabasco.com\/?p=362596","title":{"rendered":"Dispone Morena de camionetas"},"content":{"rendered":"<p><!--\np.p1 {margin: 0.0px 0.0px 0.0px 0.0px; text-align: justify; line-height: 10.0px; font: 10.0px Whitman}\nspan.s1 {letter-spacing: -0.1px}\n-->Las 20 camionetas que fueron adquiridas por el partido Movimiento de Regeneraci\u00f3n Nacional (Morena) se utilizar\u00e1n para actividades propias del instituto pol\u00edtico y para las delegaciones que se prev\u00e9n instalar en los municipios, inform\u00f3 el dirigente del Comit\u00e9 Ejecutivo Estatal, C\u00e9sar Burelo. Indic\u00f3 que ante la condonaci\u00f3n de la deuda que se espera para los ciudadanos en resistencia civil, las unidades ya no se usar\u00e1n para realizar reconexiones en los hogares donde el servicio el\u00e9ctrico sea restringido por falta de pagos.<\/p>\n<p>Seg\u00fan informaci\u00f3n del partido, actualmente los veh\u00edculos que forman parte de las \u201cBrigadas de Resistencia civil ya no \u201cconectan\u201d a los hogares que permanecen en morosidad contra la Comisi\u00f3n Federal de Electricidad, pues dichas labores se han pospuesto en la entidad. A trav\u00e9s de una solicitud de transparencia realizada por esta casa editorial, informaron que no se cuenta con el n\u00famero de atenciones proporcionadas por los veh\u00edculos que en el a\u00f1o 2015 iniciaron a circular.<\/p>\n","protected":false},"excerpt":{"rendered":"<p>Las 20 camionetas que fueron adquiridas por el partido Movimiento de Regeneraci\u00f3n Nacional (Morena) se utilizar\u00e1n para actividades propias del instituto pol\u00edtico y para las delegaciones que se prev\u00e9n instalar en los municipios, inform\u00f3 el dirigente del Comit\u00e9 Ejecutivo Estatal, C\u00e9sar Burelo. Indic\u00f3 que ante la condonaci\u00f3n de la deuda que se espera para los [&hellip;]<\/p>\n","protected":false},"author":2,"featured_media":362592,"comment_status":"closed","ping_status":"closed","sticky":false,"template":"","format":"standard","meta":{"footnotes":""},"categories":[9],"tags":[],"class_list":["post-362596","post","type-post","status-publish","format-standard","has-post-thumbnail","hentry","category-politica"],"_links":{"self":[{"href":"https:\/\/diarioavancetabasco.com\/index.php?rest_route=\/wp\/v2\/posts\/362596","targetHints":{"allow":["GET"]}}],"collection":[{"href":"https:\/\/diarioavancetabasco.com\/index.php?rest_route=\/wp\/v2\/posts"}],"about":[{"href":"https:\/\/diarioavancetabasco.com\/index.php?rest_route=\/wp\/v2\/types\/post"}],"author":[{"embeddable":true,"href":"https:\/\/diarioavancetabasco.com\/index.php?rest_route=\/wp\/v2\/users\/2"}],"replies":[{"embeddable":true,"href":"https:\/\/diarioavancetabasco.com\/index.php?rest_route=%2Fwp%2Fv2%2Fcomments&post=362596"}],"version-history":[{"count":2,"href":"https:\/\/diarioavancetabasco.com\/index.php?rest_route=\/wp\/v2\/posts\/362596\/revisions"}],"predecessor-version":[{"id":362614,"href":"https:\/\/diarioavancetabasco.com\/index.php?rest_route=\/wp\/v2\/posts\/362596\/revisions\/362614"}],"wp:featuredmedia":[{"embeddable":true,"href":"https:\/\/diarioavancetabasco.com\/index.php?rest_route=\/wp\/v2\/media\/362592"}],"wp:attachment":[{"href":"https:\/\/diarioavancetabasco.com\/index.php?rest_route=%2Fwp%2Fv2%2Fmedia&parent=362596"}],"wp:term":[{"taxonomy":"category","embeddable":true,"href":"https:\/\/diarioavancetabasco.com\/index.php?rest_route=%2Fwp%2Fv2%2Fcategories&post=362596"},{"taxonomy":"post_tag","embeddable":true,"href":"https:\/\/diarioavancetabasco.com\/index.php?rest_route=%2Fwp%2Fv2%2Ftags&post=362596"}],"curies":[{"name":"wp","href":"https:\/\/api.w.org\/{rel}","templated":true}]}}