{"id":362732,"date":"2018-10-04T00:09:54","date_gmt":"2018-10-04T05:09:54","guid":{"rendered":"http:\/\/diarioavancetabasco.com\/?p=362732"},"modified":"2018-10-04T00:09:56","modified_gmt":"2018-10-04T05:09:56","slug":"fustiga-lider-snte-al-titular-de-educacion","status":"publish","type":"post","link":"https:\/\/diarioavancetabasco.com\/?p=362732","title":{"rendered":"Fustiga l\u00edder SNTE al titular de Educaci\u00f3n"},"content":{"rendered":"<p><!--\np.p1 {margin: 0.0px 0.0px 0.0px 0.0px; text-align: justify; line-height: 10.0px; font: 10.0px Whitman}\n-->La secretaria general de la secci\u00f3n 29 del Sindicato Nacional de Trabajadores de la Educaci\u00f3n (SNTE), Mar\u00eda Elena Alcudia Gil, se\u00f1al\u00f3 que ha habido faltado voluntad pol\u00edtica por parte del secretario de educaci\u00f3n, \u00c1ngel Sol\u00eds Carballo para atender las demandas de los maestros.<\/p>\n<p>Alcudia Gil, se\u00f1al\u00f3 que\u00a0 no solo se necesita recursos para atender las solicitudes de pago de diversas prestaciones pendientes con los trabajadores de la educaci\u00f3n, sino tambi\u00e9n voluntad pol\u00edtica que hasta ahorita, no ha habido en el titular de la dependencia encargada de las pol\u00edticas p\u00fablicas en materia de educaci\u00f3n.Por lo que no descarto que los maestros vuelvan a salir a las calles si no se cumplen el acuerdo firmado con las autoridades de gobierno, en el sentido de que se pagar\u00e1n siete conceptos pendientes con sus agremiados y las prestaciones de fin de a\u00f1o en tiempo.<\/p>\n<p>Tras acudir al\u00a0 Congreso del Estado a una reuni\u00f3n de trabajo con los diputados integrantes de la\u00a0 Comisi\u00f3n de Educaci\u00f3n para plantearle la problem\u00e1tica que han tenido por los adeudos.<\/p>\n<p>La l\u00edder sindical coment\u00f3 que esperan que los legisladores puedan intervenir para que en el ejercicio del pr\u00f3ximo a\u00f1o\u00a0 ya no se atrasen sus pagos.<\/p>\n","protected":false},"excerpt":{"rendered":"<p>La secretaria general de la secci\u00f3n 29 del Sindicato Nacional de Trabajadores de la Educaci\u00f3n (SNTE), Mar\u00eda Elena Alcudia Gil, se\u00f1al\u00f3 que ha habido faltado voluntad pol\u00edtica por parte del secretario de educaci\u00f3n, \u00c1ngel Sol\u00eds Carballo para atender las demandas de los maestros. Alcudia Gil, se\u00f1al\u00f3 que\u00a0 no solo se necesita recursos para atender las [&hellip;]<\/p>\n","protected":false},"author":2,"featured_media":362729,"comment_status":"closed","ping_status":"closed","sticky":false,"template":"","format":"standard","meta":{"footnotes":""},"categories":[9],"tags":[],"class_list":["post-362732","post","type-post","status-publish","format-standard","has-post-thumbnail","hentry","category-politica"],"_links":{"self":[{"href":"https:\/\/diarioavancetabasco.com\/index.php?rest_route=\/wp\/v2\/posts\/362732","targetHints":{"allow":["GET"]}}],"collection":[{"href":"https:\/\/diarioavancetabasco.com\/index.php?rest_route=\/wp\/v2\/posts"}],"about":[{"href":"https:\/\/diarioavancetabasco.com\/index.php?rest_route=\/wp\/v2\/types\/post"}],"author":[{"embeddable":true,"href":"https:\/\/diarioavancetabasco.com\/index.php?rest_route=\/wp\/v2\/users\/2"}],"replies":[{"embeddable":true,"href":"https:\/\/diarioavancetabasco.com\/index.php?rest_route=%2Fwp%2Fv2%2Fcomments&post=362732"}],"version-history":[{"count":2,"href":"https:\/\/diarioavancetabasco.com\/index.php?rest_route=\/wp\/v2\/posts\/362732\/revisions"}],"predecessor-version":[{"id":362743,"href":"https:\/\/diarioavancetabasco.com\/index.php?rest_route=\/wp\/v2\/posts\/362732\/revisions\/362743"}],"wp:featuredmedia":[{"embeddable":true,"href":"https:\/\/diarioavancetabasco.com\/index.php?rest_route=\/wp\/v2\/media\/362729"}],"wp:attachment":[{"href":"https:\/\/diarioavancetabasco.com\/index.php?rest_route=%2Fwp%2Fv2%2Fmedia&parent=362732"}],"wp:term":[{"taxonomy":"category","embeddable":true,"href":"https:\/\/diarioavancetabasco.com\/index.php?rest_route=%2Fwp%2Fv2%2Fcategories&post=362732"},{"taxonomy":"post_tag","embeddable":true,"href":"https:\/\/diarioavancetabasco.com\/index.php?rest_route=%2Fwp%2Fv2%2Ftags&post=362732"}],"curies":[{"name":"wp","href":"https:\/\/api.w.org\/{rel}","templated":true}]}}