{"id":362799,"date":"2018-10-05T00:28:19","date_gmt":"2018-10-05T05:28:19","guid":{"rendered":"http:\/\/diarioavancetabasco.com\/?p=362799"},"modified":"2018-10-05T00:28:23","modified_gmt":"2018-10-05T05:28:23","slug":"instan-a-ediles-a-ser-austeros","status":"publish","type":"post","link":"https:\/\/diarioavancetabasco.com\/?p=362799","title":{"rendered":"Instan a ediles a ser austeros"},"content":{"rendered":"<p><!--\np.p1 {margin: 0.0px 0.0px 0.0px 0.0px; text-align: justify; line-height: 10.0px; font: 52.0px Whitman}\np.p2 {margin: 0.0px 0.0px 0.0px 0.0px; text-align: justify; line-height: 10.0px; font: 10.0px Whitman}\np.p3 {margin: 0.0px 0.0px 0.0px 0.0px; text-align: justify; text-indent: 6.0px; line-height: 10.0px; font: 10.0px Whitman}\nspan.s1 {letter-spacing: -0.2px}\n-->Al asistir a la toma de protesta del Alcalde de Centro, Evaristo Hern\u00e1ndez Cruz, el gobernador electo,\u00a0 Ad\u00e1n Augusto L\u00f3pez Hern\u00e1ndez, dijo confiar en que los nuevos alcaldes, asuman el programa de austeridad en sus administraciones, tal como lo ha venido impulsado el presidente electo, Andr\u00e9s Manuel L\u00f3pez Obrador.<\/p>\n<p>L\u00f3pez Hern\u00e1ndez expuso que los nuevos ediles sabr\u00e1n conducirse bien y priorizar las acciones, a\u00f1adiendo que los salarios seguramente se reducir\u00e1n.<br \/>\n\u201cYo espero que les vaya muy bien, que est\u00e9n a la altura de sus responsabilidades, no hay que adelantar v\u00edsperas sino esperar a que reciban las administraciones y se pueda saber, entiendo que el plan de austeridad lo est\u00e1n implementando todos, se ha hablado de una especie de tabulador salarial\u201d.<\/p>\n<p>El mandatorio electo opin\u00f3 sobre la iniciativa ley para reducir los salarios de los delegados municipales, mencionando que es un asunto que les compete a los legisladores aunque, se les podr\u00eda dar un apoyo honorifico, en base al trabajo que realicen.<\/p>\n","protected":false},"excerpt":{"rendered":"<p>Al asistir a la toma de protesta del Alcalde de Centro, Evaristo Hern\u00e1ndez Cruz, el gobernador electo,\u00a0 Ad\u00e1n Augusto L\u00f3pez Hern\u00e1ndez, dijo confiar en que los nuevos alcaldes, asuman el programa de austeridad en sus administraciones, tal como lo ha venido impulsado el presidente electo, Andr\u00e9s Manuel L\u00f3pez Obrador. L\u00f3pez Hern\u00e1ndez expuso que los nuevos [&hellip;]<\/p>\n","protected":false},"author":2,"featured_media":362792,"comment_status":"closed","ping_status":"closed","sticky":false,"template":"","format":"standard","meta":{"footnotes":""},"categories":[9],"tags":[],"class_list":["post-362799","post","type-post","status-publish","format-standard","has-post-thumbnail","hentry","category-politica"],"_links":{"self":[{"href":"https:\/\/diarioavancetabasco.com\/index.php?rest_route=\/wp\/v2\/posts\/362799","targetHints":{"allow":["GET"]}}],"collection":[{"href":"https:\/\/diarioavancetabasco.com\/index.php?rest_route=\/wp\/v2\/posts"}],"about":[{"href":"https:\/\/diarioavancetabasco.com\/index.php?rest_route=\/wp\/v2\/types\/post"}],"author":[{"embeddable":true,"href":"https:\/\/diarioavancetabasco.com\/index.php?rest_route=\/wp\/v2\/users\/2"}],"replies":[{"embeddable":true,"href":"https:\/\/diarioavancetabasco.com\/index.php?rest_route=%2Fwp%2Fv2%2Fcomments&post=362799"}],"version-history":[{"count":2,"href":"https:\/\/diarioavancetabasco.com\/index.php?rest_route=\/wp\/v2\/posts\/362799\/revisions"}],"predecessor-version":[{"id":362809,"href":"https:\/\/diarioavancetabasco.com\/index.php?rest_route=\/wp\/v2\/posts\/362799\/revisions\/362809"}],"wp:featuredmedia":[{"embeddable":true,"href":"https:\/\/diarioavancetabasco.com\/index.php?rest_route=\/wp\/v2\/media\/362792"}],"wp:attachment":[{"href":"https:\/\/diarioavancetabasco.com\/index.php?rest_route=%2Fwp%2Fv2%2Fmedia&parent=362799"}],"wp:term":[{"taxonomy":"category","embeddable":true,"href":"https:\/\/diarioavancetabasco.com\/index.php?rest_route=%2Fwp%2Fv2%2Fcategories&post=362799"},{"taxonomy":"post_tag","embeddable":true,"href":"https:\/\/diarioavancetabasco.com\/index.php?rest_route=%2Fwp%2Fv2%2Ftags&post=362799"}],"curies":[{"name":"wp","href":"https:\/\/api.w.org\/{rel}","templated":true}]}}