{"id":362823,"date":"2018-10-05T22:04:45","date_gmt":"2018-10-06T03:04:45","guid":{"rendered":"http:\/\/diarioavancetabasco.com\/?p=362823"},"modified":"2018-10-05T22:04:45","modified_gmt":"2018-10-06T03:04:45","slug":"desaparece-meng-hongwei-presidente-de-interpol","status":"publish","type":"post","link":"https:\/\/diarioavancetabasco.com\/?p=362823","title":{"rendered":"Desaparece Meng Hongwei  presidente de Interpol"},"content":{"rendered":"<style type=\"text\/css\"><!--\np.p1 {margin: 0.0px 0.0px 0.0px 0.0px; text-align: justify; line-height: 10.0px; font: 52.0px Whitman}\np.p2 {margin: 0.0px 0.0px 0.0px 0.0px; text-align: justify; line-height: 10.0px; font: 10.0px Whitman}\np.p3 {margin: 0.0px 0.0px 0.0px 0.0px; text-align: justify; text-indent: 6.0px; line-height: 10.0px; font: 10.0px Whitman}\n--><\/style>\n<p>La polic\u00eda francesa ha abierto una investigaci\u00f3n tras la desaparici\u00f3n del presidente de Interpol, el chino Hongwei Meng, del que su familia no tiene noticias desde que el pasado d\u00eda 29 viaj\u00f3 a su pa\u00eds desde Lyon (este de Francia), sede de la organizaci\u00f3n policial internacional, informaron hoy medios locales.<\/p>\n<p>Seg\u00fan la radio \u201cEurope 1\u201d, la esposa de Hongwei, que sigue en Lyon con sus hijos, acudi\u00f3 a la polic\u00eda porque no ten\u00eda ninguna informaci\u00f3n de su marido, de 64 a\u00f1os, desde que emprendiera viaje a China.<\/p>\n<p>La Polic\u00eda Judicial francesa interrog\u00f3 a la mujer de Hongwei y decidi\u00f3 abrir una investigaci\u00f3n por desaparici\u00f3n inquietante.<\/p>\n<p>Hongwei Meng era vicesecretario de seguridad chino cuando fue elegido al frente de Interpol en noviembre de 2016 en sustituci\u00f3n de la francesa Mireille Ballestrazzi, para un mandato de cuatro a\u00f1os.<\/p>\n<p>Considerado un peso pesado del Partido Comunista Chino, su nombramiento cre\u00f3 gran malestar entre las organizaciones defensoras de los derechos humanos, que consideran que Pek\u00edn se sirve de Interpol para perseguir a opositores al r\u00e9gimen.<\/p>\n<p>Interpol, que est\u00e1 integrada por 192 pa\u00edses y coordina la acci\u00f3n policial internacional, asegur\u00f3 entonces que el presidente no se ocupa de la direcci\u00f3n operativa de la organizaci\u00f3n, que recae en el secretario general, puesto que en la actualidad ocupa el alem\u00e1n J\u00fcrgen Stock.<\/p>\n<p>El art\u00edculo 3 de sus estatutos proh\u00edbe toda injerencia en materia pol\u00edtica.<\/p>\n<p>Adem\u00e1s de representaciones en todos los pa\u00edses miembros, Interpol cuenta con siete oficinas regionales en el mundo, que se suman a las que hay ante la ONU, en Nueva York, y ante la Uni\u00f3n Europea, en Bruselas.<\/p>\n<p>El presidente de Interpol, como el resto de los miembros de Comit\u00e9 Ejecutivo, lo elige la Asamblea General de la organizaci\u00f3n en la que est\u00e1n representados todos los Estados miembros.<\/p>\n<p>Sus funciones son, b\u00e1sicamente, aplicar las orientaciones decididas por esos pa\u00edses y supervisar el trabajo del secretario general.<\/p>\n","protected":false},"excerpt":{"rendered":"<p>La polic\u00eda francesa ha abierto una investigaci\u00f3n tras la desaparici\u00f3n del presidente de Interpol, el chino Hongwei Meng, del que su familia no tiene noticias desde que el pasado d\u00eda 29 viaj\u00f3 a su pa\u00eds desde Lyon (este de Francia), sede de la organizaci\u00f3n policial internacional, informaron hoy medios locales. Seg\u00fan la radio \u201cEurope 1\u201d, [&hellip;]<\/p>\n","protected":false},"author":2,"featured_media":362829,"comment_status":"closed","ping_status":"closed","sticky":false,"template":"","format":"standard","meta":{"footnotes":""},"categories":[4],"tags":[],"class_list":["post-362823","post","type-post","status-publish","format-standard","has-post-thumbnail","hentry","category-mundo"],"_links":{"self":[{"href":"https:\/\/diarioavancetabasco.com\/index.php?rest_route=\/wp\/v2\/posts\/362823","targetHints":{"allow":["GET"]}}],"collection":[{"href":"https:\/\/diarioavancetabasco.com\/index.php?rest_route=\/wp\/v2\/posts"}],"about":[{"href":"https:\/\/diarioavancetabasco.com\/index.php?rest_route=\/wp\/v2\/types\/post"}],"author":[{"embeddable":true,"href":"https:\/\/diarioavancetabasco.com\/index.php?rest_route=\/wp\/v2\/users\/2"}],"replies":[{"embeddable":true,"href":"https:\/\/diarioavancetabasco.com\/index.php?rest_route=%2Fwp%2Fv2%2Fcomments&post=362823"}],"version-history":[{"count":1,"href":"https:\/\/diarioavancetabasco.com\/index.php?rest_route=\/wp\/v2\/posts\/362823\/revisions"}],"predecessor-version":[{"id":362837,"href":"https:\/\/diarioavancetabasco.com\/index.php?rest_route=\/wp\/v2\/posts\/362823\/revisions\/362837"}],"wp:featuredmedia":[{"embeddable":true,"href":"https:\/\/diarioavancetabasco.com\/index.php?rest_route=\/wp\/v2\/media\/362829"}],"wp:attachment":[{"href":"https:\/\/diarioavancetabasco.com\/index.php?rest_route=%2Fwp%2Fv2%2Fmedia&parent=362823"}],"wp:term":[{"taxonomy":"category","embeddable":true,"href":"https:\/\/diarioavancetabasco.com\/index.php?rest_route=%2Fwp%2Fv2%2Fcategories&post=362823"},{"taxonomy":"post_tag","embeddable":true,"href":"https:\/\/diarioavancetabasco.com\/index.php?rest_route=%2Fwp%2Fv2%2Ftags&post=362823"}],"curies":[{"name":"wp","href":"https:\/\/api.w.org\/{rel}","templated":true}]}}