{"id":362914,"date":"2018-10-08T00:05:34","date_gmt":"2018-10-08T05:05:34","guid":{"rendered":"http:\/\/diarioavancetabasco.com\/?p=362914"},"modified":"2018-10-08T00:05:37","modified_gmt":"2018-10-08T05:05:37","slug":"cancela-durazo-foros-de-pacificacion-en-5-estados","status":"publish","type":"post","link":"https:\/\/diarioavancetabasco.com\/?p=362914","title":{"rendered":"Cancela Durazo Foros de  Pacificaci\u00f3n en 5 Estados"},"content":{"rendered":"<p><!--\np.p1 {margin: 0.0px 0.0px 0.0px 0.0px; text-align: justify; line-height: 10.0px; font: 10.0px Whitman}\np.p2 {margin: 0.0px 0.0px 0.0px 0.0px; text-align: justify; text-indent: 6.0px; line-height: 10.0px; font: 10.0px Whitman}\nspan.s1 {letter-spacing: -0.4px}\n-->El pr\u00f3ximo titular de Seguridad P\u00fablica, Alfonso Durazo, inform\u00f3 que se tom\u00f3 la determinaci\u00f3n de cancelar los Foros para la Pacificaci\u00f3n y Reconciliaci\u00f3n Nacional que se realizar\u00edan en Tamaulipas, Morelos, Tabasco, Veracruz y Sinaloa.<\/p>\n<p>En un comunicado publicado en su cuenta de Twitter, @AlfonsoDurazo, se\u00f1al\u00f3 que esto obedece a la necesidad de sistematizar las propuestas recogidas en encuentros anteriores, para obtener las conclusiones que permitan generar el dise\u00f1o de la nueva pol\u00edtica de seguridad p\u00fablica del pa\u00eds, que afirm\u00f3, se presentar\u00e1 pr\u00f3ximamente.<\/p>\n<p>Sostuvo que los \u00fanicos foros que se realizar\u00e1n son los que ya se ten\u00edan programados para el d\u00eda de ma\u00f1ana.<\/p>\n<p>Sin embargo, expuso que en los cinco estados donde no se realizar\u00e1 la consulta p\u00fablica, los organizadores del evento recoger\u00e1n las propuestas de ciudadanos y organizaciones civiles que ya se hab\u00edan registrado previamente para participar.<\/p>\n","protected":false},"excerpt":{"rendered":"<p>El pr\u00f3ximo titular de Seguridad P\u00fablica, Alfonso Durazo, inform\u00f3 que se tom\u00f3 la determinaci\u00f3n de cancelar los Foros para la Pacificaci\u00f3n y Reconciliaci\u00f3n Nacional que se realizar\u00edan en Tamaulipas, Morelos, Tabasco, Veracruz y Sinaloa. En un comunicado publicado en su cuenta de Twitter, @AlfonsoDurazo, se\u00f1al\u00f3 que esto obedece a la necesidad de sistematizar las propuestas [&hellip;]<\/p>\n","protected":false},"author":2,"featured_media":362909,"comment_status":"closed","ping_status":"closed","sticky":false,"template":"","format":"standard","meta":{"footnotes":""},"categories":[3],"tags":[],"class_list":["post-362914","post","type-post","status-publish","format-standard","has-post-thumbnail","hentry","category-nacional"],"_links":{"self":[{"href":"https:\/\/diarioavancetabasco.com\/index.php?rest_route=\/wp\/v2\/posts\/362914","targetHints":{"allow":["GET"]}}],"collection":[{"href":"https:\/\/diarioavancetabasco.com\/index.php?rest_route=\/wp\/v2\/posts"}],"about":[{"href":"https:\/\/diarioavancetabasco.com\/index.php?rest_route=\/wp\/v2\/types\/post"}],"author":[{"embeddable":true,"href":"https:\/\/diarioavancetabasco.com\/index.php?rest_route=\/wp\/v2\/users\/2"}],"replies":[{"embeddable":true,"href":"https:\/\/diarioavancetabasco.com\/index.php?rest_route=%2Fwp%2Fv2%2Fcomments&post=362914"}],"version-history":[{"count":2,"href":"https:\/\/diarioavancetabasco.com\/index.php?rest_route=\/wp\/v2\/posts\/362914\/revisions"}],"predecessor-version":[{"id":362947,"href":"https:\/\/diarioavancetabasco.com\/index.php?rest_route=\/wp\/v2\/posts\/362914\/revisions\/362947"}],"wp:featuredmedia":[{"embeddable":true,"href":"https:\/\/diarioavancetabasco.com\/index.php?rest_route=\/wp\/v2\/media\/362909"}],"wp:attachment":[{"href":"https:\/\/diarioavancetabasco.com\/index.php?rest_route=%2Fwp%2Fv2%2Fmedia&parent=362914"}],"wp:term":[{"taxonomy":"category","embeddable":true,"href":"https:\/\/diarioavancetabasco.com\/index.php?rest_route=%2Fwp%2Fv2%2Fcategories&post=362914"},{"taxonomy":"post_tag","embeddable":true,"href":"https:\/\/diarioavancetabasco.com\/index.php?rest_route=%2Fwp%2Fv2%2Ftags&post=362914"}],"curies":[{"name":"wp","href":"https:\/\/api.w.org\/{rel}","templated":true}]}}