{"id":362982,"date":"2018-10-09T00:34:57","date_gmt":"2018-10-09T05:34:57","guid":{"rendered":"http:\/\/diarioavancetabasco.com\/?p=362982"},"modified":"2018-10-09T00:35:10","modified_gmt":"2018-10-09T05:35:10","slug":"no-se-privatizara-el-agua-evaristo","status":"publish","type":"post","link":"https:\/\/diarioavancetabasco.com\/?p=362982","title":{"rendered":"No se privatizar\u00e1  el agua: Evaristo"},"content":{"rendered":"<p><!--\np.p1 {margin: 0.0px 0.0px 0.0px 0.0px; text-align: justify; line-height: 10.0px; font: 52.0px Whitman}\np.p2 {margin: 0.0px 0.0px 0.0px 0.0px; text-align: justify; line-height: 10.0px; font: 10.0px Whitman}\np.p3 {margin: 0.0px 0.0px 0.0px 0.0px; text-align: justify; text-indent: 6.0px; line-height: 10.0px; font: 10.0px Whitman}\nspan.s1 {letter-spacing: -0.3px}\n-->El alcalde de Centro, Evaristo Hern\u00e1ndez Cruz, aclar\u00f3 que el hecho de que una empresa se vaya a encargar del cobro de los recibos de agua, esto no significa que se privatizar\u00e1 el agua y es que record\u00f3 que tan solo el 25 por ciento de los habitantes de este municipio pagan por el servicio.<\/p>\n<p>El mun\u00edcipe record\u00f3 que lo primero es exhortar a los ciudadanos que cumplan con su pago, al no haber una respuesta favorable se proceder\u00e1 de manera legal, por ello est\u00e1n revisando si se puede legalmente que una empresa privada se encargue de realizar estos cobros.<\/p>\n<p>\u201cEn el caso del agua potable, desafortunadamente solo el 25 por ciento est\u00e1 pagando. A lo mejor no me se dar a entender pero lo que dije es que no se va a privatizar el agua\u201d.<\/p>\n<p>Indic\u00f3 que el ayuntamiento no puede estar cobrando y a la vez administrando, por ello est\u00e1n analizando est\u00e1 opci\u00f3n.<\/p>\n<p>Coment\u00f3 que el municipio eroga entre 700 y 800 millones de pesos al a\u00f1o para poder potabilizar el agua y solo recibe entre 60 y 70 millones de pesos por lo que no se puede\u00a0 gastar m\u00e1s de lo que se recibe.<\/p>\n<p>Se\u00f1alo que la empresa solo se dedicar\u00e1 a cobrar los recibos de agua, no tendr\u00e1 inferencia en otros temas.<\/p>\n","protected":false},"excerpt":{"rendered":"<p>El alcalde de Centro, Evaristo Hern\u00e1ndez Cruz, aclar\u00f3 que el hecho de que una empresa se vaya a encargar del cobro de los recibos de agua, esto no significa que se privatizar\u00e1 el agua y es que record\u00f3 que tan solo el 25 por ciento de los habitantes de este municipio pagan por el servicio. [&hellip;]<\/p>\n","protected":false},"author":2,"featured_media":362967,"comment_status":"closed","ping_status":"closed","sticky":false,"template":"","format":"standard","meta":{"footnotes":""},"categories":[9],"tags":[],"class_list":["post-362982","post","type-post","status-publish","format-standard","has-post-thumbnail","hentry","category-politica"],"_links":{"self":[{"href":"https:\/\/diarioavancetabasco.com\/index.php?rest_route=\/wp\/v2\/posts\/362982","targetHints":{"allow":["GET"]}}],"collection":[{"href":"https:\/\/diarioavancetabasco.com\/index.php?rest_route=\/wp\/v2\/posts"}],"about":[{"href":"https:\/\/diarioavancetabasco.com\/index.php?rest_route=\/wp\/v2\/types\/post"}],"author":[{"embeddable":true,"href":"https:\/\/diarioavancetabasco.com\/index.php?rest_route=\/wp\/v2\/users\/2"}],"replies":[{"embeddable":true,"href":"https:\/\/diarioavancetabasco.com\/index.php?rest_route=%2Fwp%2Fv2%2Fcomments&post=362982"}],"version-history":[{"count":2,"href":"https:\/\/diarioavancetabasco.com\/index.php?rest_route=\/wp\/v2\/posts\/362982\/revisions"}],"predecessor-version":[{"id":363020,"href":"https:\/\/diarioavancetabasco.com\/index.php?rest_route=\/wp\/v2\/posts\/362982\/revisions\/363020"}],"wp:featuredmedia":[{"embeddable":true,"href":"https:\/\/diarioavancetabasco.com\/index.php?rest_route=\/wp\/v2\/media\/362967"}],"wp:attachment":[{"href":"https:\/\/diarioavancetabasco.com\/index.php?rest_route=%2Fwp%2Fv2%2Fmedia&parent=362982"}],"wp:term":[{"taxonomy":"category","embeddable":true,"href":"https:\/\/diarioavancetabasco.com\/index.php?rest_route=%2Fwp%2Fv2%2Fcategories&post=362982"},{"taxonomy":"post_tag","embeddable":true,"href":"https:\/\/diarioavancetabasco.com\/index.php?rest_route=%2Fwp%2Fv2%2Ftags&post=362982"}],"curies":[{"name":"wp","href":"https:\/\/api.w.org\/{rel}","templated":true}]}}