{"id":362988,"date":"2018-10-09T00:39:01","date_gmt":"2018-10-09T05:39:01","guid":{"rendered":"http:\/\/diarioavancetabasco.com\/?p=362988"},"modified":"2018-10-09T00:39:02","modified_gmt":"2018-10-09T05:39:02","slug":"abuelos-y-ninos-prioridad-de-la-administracion-cuevas","status":"publish","type":"post","link":"https:\/\/diarioavancetabasco.com\/?p=362988","title":{"rendered":"Abuelos y ni\u00f1os prioridad de  la administraci\u00f3n: Cuevas"},"content":{"rendered":"<p><!--\np.p1 {margin: 0.0px 0.0px 0.0px 0.0px; text-align: justify; line-height: 10.0px; font: 52.0px Whitman}\np.p2 {margin: 0.0px 0.0px 0.0px 0.0px; text-align: justify; line-height: 10.0px; font: 10.0px Whitman}\np.p3 {margin: 0.0px 0.0px 0.0px 0.0px; text-align: justify; text-indent: 6.0px; line-height: 10.0px; font: 10.0px Whitman}\nspan.s1 {letter-spacing: -0.2px}\n-->C\u00c1RDENAS, TAB.- Un ente completamente gestor para las personas de la tercera edad y ni\u00f1os, que ser\u00e1n la principal prioridad durante esta administraci\u00f3n que encabeza Armando Beltr\u00e1n Tenorio, es en lo que se convertir\u00e1 el DIF; extern\u00f3 Margarita Cuevas Castro, durante su primer recorrido oficial a las instalaciones del asilo de ancianos.<\/p>\n<p>Como se recordar\u00e1 en la v\u00edspera de celebrarse el D\u00eda Internacional de las Personas Mayores, la hoy presidenta del DIF local,\u00a0 Margarita Cuevas, preciso en su momento que en este gobierno la prioridad ser\u00e1 la atenci\u00f3n al CENDI y a los abuelitos, palabras que se refrendan hoy, con su regreso nuevamente, est\u00e1 ves con el primer regidor.<\/p>\n<p>Durante su estancia en el inmueble que alberga a un total de 35 ancianitos, el alcalde, Armando Beltr\u00e1n Tenorio, respaldo lo dicho por su esposa y fue m\u00e1s all\u00e1 al afirmar que \u201cNuestro compromiso es con todos y cada uno de los sectores vulnerables del municipio\u201d.<\/p>\n","protected":false},"excerpt":{"rendered":"<p>C\u00c1RDENAS, TAB.- Un ente completamente gestor para las personas de la tercera edad y ni\u00f1os, que ser\u00e1n la principal prioridad durante esta administraci\u00f3n que encabeza Armando Beltr\u00e1n Tenorio, es en lo que se convertir\u00e1 el DIF; extern\u00f3 Margarita Cuevas Castro, durante su primer recorrido oficial a las instalaciones del asilo de ancianos. Como se recordar\u00e1 [&hellip;]<\/p>\n","protected":false},"author":2,"featured_media":362969,"comment_status":"closed","ping_status":"closed","sticky":false,"template":"","format":"standard","meta":{"footnotes":""},"categories":[12],"tags":[],"class_list":["post-362988","post","type-post","status-publish","format-standard","has-post-thumbnail","hentry","category-municipios"],"_links":{"self":[{"href":"https:\/\/diarioavancetabasco.com\/index.php?rest_route=\/wp\/v2\/posts\/362988","targetHints":{"allow":["GET"]}}],"collection":[{"href":"https:\/\/diarioavancetabasco.com\/index.php?rest_route=\/wp\/v2\/posts"}],"about":[{"href":"https:\/\/diarioavancetabasco.com\/index.php?rest_route=\/wp\/v2\/types\/post"}],"author":[{"embeddable":true,"href":"https:\/\/diarioavancetabasco.com\/index.php?rest_route=\/wp\/v2\/users\/2"}],"replies":[{"embeddable":true,"href":"https:\/\/diarioavancetabasco.com\/index.php?rest_route=%2Fwp%2Fv2%2Fcomments&post=362988"}],"version-history":[{"count":2,"href":"https:\/\/diarioavancetabasco.com\/index.php?rest_route=\/wp\/v2\/posts\/362988\/revisions"}],"predecessor-version":[{"id":363024,"href":"https:\/\/diarioavancetabasco.com\/index.php?rest_route=\/wp\/v2\/posts\/362988\/revisions\/363024"}],"wp:featuredmedia":[{"embeddable":true,"href":"https:\/\/diarioavancetabasco.com\/index.php?rest_route=\/wp\/v2\/media\/362969"}],"wp:attachment":[{"href":"https:\/\/diarioavancetabasco.com\/index.php?rest_route=%2Fwp%2Fv2%2Fmedia&parent=362988"}],"wp:term":[{"taxonomy":"category","embeddable":true,"href":"https:\/\/diarioavancetabasco.com\/index.php?rest_route=%2Fwp%2Fv2%2Fcategories&post=362988"},{"taxonomy":"post_tag","embeddable":true,"href":"https:\/\/diarioavancetabasco.com\/index.php?rest_route=%2Fwp%2Fv2%2Ftags&post=362988"}],"curies":[{"name":"wp","href":"https:\/\/api.w.org\/{rel}","templated":true}]}}