{"id":362999,"date":"2018-10-09T00:44:34","date_gmt":"2018-10-09T05:44:34","guid":{"rendered":"http:\/\/diarioavancetabasco.com\/?p=362999"},"modified":"2018-10-09T00:44:35","modified_gmt":"2018-10-09T05:44:35","slug":"irritacion-social","status":"publish","type":"post","link":"https:\/\/diarioavancetabasco.com\/?p=362999","title":{"rendered":"Irritaci\u00f3n social"},"content":{"rendered":"<p><!--\np.p1 {margin: 0.0px 0.0px 0.0px 0.0px; line-height: 10.0px; font: 52.0px Whitman}\np.p2 {margin: 0.0px 0.0px 0.0px 0.0px; line-height: 10.0px; font: 10.0px Whitman}\nspan.s1 {letter-spacing: -0.4px}\n-->Felipa Nery<\/p>\n<p>\u201cEl M\u00e9xico Bronco\u201d, al que advert\u00eda Jes\u00fas Reyes Heroles, que no hab\u00eda que despertar, hoy se encuentra m\u00e1s que despierto. Violencia social hay a\u00a0 lo largo y ancho del pa\u00eds y ser\u00e1 dif\u00edcil que el presidente electo, Andr\u00e9s Manuel L\u00f3pez Obrador logre avanzar s\u00f3lo para apaciguarlo. Una de sus propuestas de campa\u00f1a y en las que trabaja como presidente electo, es la amnist\u00eda para muchas personas que se encuentran encarceladas a causa del narcotr\u00e1fico, ha propuesto el perd\u00f3n de las v\u00edctimas; con esta idea inici\u00f3 los Foros para la Pacificaci\u00f3n y Reconciliaci\u00f3n Nacional para escuchar propuestas y a partir de ellas, conformar el proyecto que permita alcanzar en esta reconciliaci\u00f3n nacional, principalmente con aquellos que incurrieron en el narcotr\u00e1fico, a causa del desempleo y la pobreza, como ser\u00eda el caso de muchos j\u00f3venes y campesinos. Sin embargo, lo que ha encontrado en estos foros, ha sido una grave irritaci\u00f3n por parte de los familiares a los que les han asesinado a algunos de sus seres queridos, que los han tenido que velar y enterrar, pero tambi\u00e9n est\u00e1n aquellos que sus familiares han desaparecido y no los encuentran ni vivos, ni muertos, por lo que no quieren perdonar a los victimarios; pero no s\u00f3lo en los foros de seguridad ha encontrado resistencias el presidente electo, tambi\u00e9n se han dado connatos de violencia, en los foros de educaci\u00f3n, este tema que tambi\u00e9n es controversial y contra el que se han opuesto los maestros desde que el gobierno de Enrique Pe\u00f1a Nieto impuls\u00f3 y aprob\u00f3 esta reforma educativa que quit\u00f3 derechos a los maestros. El pasado domingo se tuvo que suspender el Foro de Educaci\u00f3n en Acapulco Guerrero, debido a que un grupo de personas encapuchadas llegaron a provocar desmanes y a agredir a los asistentes, por lo que se opt\u00f3 por suspender ese encuentro. Tambi\u00e9n este fin de semana, el futuro secretario de Seguridad P\u00fablica, Alfonso Durazo anunci\u00f3 la determinaci\u00f3n de cancelar los Foros para la Pacificaci\u00f3n y Reconciliaci\u00f3n Nacional que se realizar\u00edan en Tamaulipas, Morelos, Tabasco, Veracruz y Sinaloa, por \u201cla urgente necesidad de sistematizar las propuestas que han recogido hasta ahora\u201d. Qu\u00e9 grave, que a Tabasco se incluya entre las entidades m\u00e1s peligrosas que se quedan sin celebrar estos foros, eso habla de la magnitud de la inseguridad que aqu\u00ed vivimos; aunque estas entidades no se quedar\u00e1n sin ser escuchadas, sino que se ha dado un portal electr\u00f3nico: www.consultareconciliacionnacional.org, para recibir las propuestas de los ciudadanos que quieran hacer aportaciones para buscar soluciones a esta problem\u00e1tica de seguridad nacional. Al respecto, el pasado fin de semana, se escuch\u00f3 la voz del secretario de la Defensa Nacional, Salvador Cienfuegos, quien dijo que una propuesta para pacificar el pa\u00eds, ser\u00eda la legalizaci\u00f3n de la marihuana, con fines medicinales, a lo que el Presidente electo, respondi\u00f3 que se valorar\u00eda, pero tambi\u00e9n durante su gobierno se dar\u00e1n apoyos a los campesinos para la siembra de ma\u00edz y frijol y se les dar\u00e1n precios de garant\u00eda, para que no tengan que dedicarse a sembrar droga. La pacificaci\u00f3n de este \u201cM\u00e9xico bronco\u201d, requiere de una amplia participaci\u00f3n de todos los mexicanos, pero tambi\u00e9n de la comunidad internacional, en especial, la ONU, que tiene experiencia en estos asuntos.<\/p>\n","protected":false},"excerpt":{"rendered":"<p>Felipa Nery \u201cEl M\u00e9xico Bronco\u201d, al que advert\u00eda Jes\u00fas Reyes Heroles, que no hab\u00eda que despertar, hoy se encuentra m\u00e1s que despierto. Violencia social hay a\u00a0 lo largo y ancho del pa\u00eds y ser\u00e1 dif\u00edcil que el presidente electo, Andr\u00e9s Manuel L\u00f3pez Obrador logre avanzar s\u00f3lo para apaciguarlo. Una de sus propuestas de campa\u00f1a y [&hellip;]<\/p>\n","protected":false},"author":2,"featured_media":362769,"comment_status":"closed","ping_status":"closed","sticky":false,"template":"","format":"standard","meta":{"footnotes":""},"categories":[9],"tags":[],"class_list":["post-362999","post","type-post","status-publish","format-standard","has-post-thumbnail","hentry","category-politica"],"_links":{"self":[{"href":"https:\/\/diarioavancetabasco.com\/index.php?rest_route=\/wp\/v2\/posts\/362999","targetHints":{"allow":["GET"]}}],"collection":[{"href":"https:\/\/diarioavancetabasco.com\/index.php?rest_route=\/wp\/v2\/posts"}],"about":[{"href":"https:\/\/diarioavancetabasco.com\/index.php?rest_route=\/wp\/v2\/types\/post"}],"author":[{"embeddable":true,"href":"https:\/\/diarioavancetabasco.com\/index.php?rest_route=\/wp\/v2\/users\/2"}],"replies":[{"embeddable":true,"href":"https:\/\/diarioavancetabasco.com\/index.php?rest_route=%2Fwp%2Fv2%2Fcomments&post=362999"}],"version-history":[{"count":2,"href":"https:\/\/diarioavancetabasco.com\/index.php?rest_route=\/wp\/v2\/posts\/362999\/revisions"}],"predecessor-version":[{"id":363029,"href":"https:\/\/diarioavancetabasco.com\/index.php?rest_route=\/wp\/v2\/posts\/362999\/revisions\/363029"}],"wp:featuredmedia":[{"embeddable":true,"href":"https:\/\/diarioavancetabasco.com\/index.php?rest_route=\/wp\/v2\/media\/362769"}],"wp:attachment":[{"href":"https:\/\/diarioavancetabasco.com\/index.php?rest_route=%2Fwp%2Fv2%2Fmedia&parent=362999"}],"wp:term":[{"taxonomy":"category","embeddable":true,"href":"https:\/\/diarioavancetabasco.com\/index.php?rest_route=%2Fwp%2Fv2%2Fcategories&post=362999"},{"taxonomy":"post_tag","embeddable":true,"href":"https:\/\/diarioavancetabasco.com\/index.php?rest_route=%2Fwp%2Fv2%2Ftags&post=362999"}],"curies":[{"name":"wp","href":"https:\/\/api.w.org\/{rel}","templated":true}]}}