{"id":363036,"date":"2018-10-09T21:43:58","date_gmt":"2018-10-10T02:43:58","guid":{"rendered":"http:\/\/diarioavancetabasco.com\/?p=363036"},"modified":"2018-10-09T21:44:16","modified_gmt":"2018-10-10T02:44:16","slug":"363036","status":"publish","type":"post","link":"https:\/\/diarioavancetabasco.com\/?p=363036","title":{"rendered":"Nikki Haley abandonar\u00e1 la ONU"},"content":{"rendered":"<style type=\"text\/css\"><!--\np.p1 {margin: 0.0px 0.0px 0.0px 0.0px; text-align: justify; line-height: 10.0px; font: 52.0px Whitman}\np.p2 {margin: 0.0px 0.0px 0.0px 0.0px; text-align: justify; line-height: 10.0px; font: 10.0px Whitman}\np.p3 {margin: 0.0px 0.0px 0.0px 0.0px; text-align: justify; text-indent: 6.0px; line-height: 10.0px; font: 10.0px Whitman}\nspan.s1 {letter-spacing: -0.4px}\n--><\/style>\n<p>El presidente de Estados Unidos, Donald Trump, confirm\u00f3 que la embajadora estadounidense ante la ONU, Nikki Haley, abandonar\u00e1 el cargo a finales de a\u00f1o, una decisi\u00f3n que, seg\u00fan dijo el mandatario, le hab\u00eda comunicado hac\u00eda ya varios meses.<\/p>\n<p>\u201cHa hecho un trabajo fant\u00e1stico. Hemos hecho un trabajo fant\u00e1stico juntos\u201d, declar\u00f3 Trump a un grupo de periodistas en el Despacho Oval, donde recibi\u00f3 a la a\u00fan embajadora.<\/p>\n<p>A pesar de que Trump asegur\u00f3 que conoc\u00eda la decisi\u00f3n de Haley desde hace meses, ya que hac\u00eda tiempo que \u00e9sta le expres\u00f3 su deseo de cumplir un mandato de solo dos a\u00f1os, la salida de una de las figuras m\u00e1s fuertes de la actual Administraci\u00f3n pill\u00f3 hoy por sorpresa a Washington.<\/p>\n<p>Haley ha sido uno de los nombres clave de la actual Administraci\u00f3n y se ha convertido en una eficiente ejecutora de las pol\u00edticas aislacionistas del presidente Trump desde su complicado rol en la Organizaci\u00f3n.<\/p>\n<p>Asimismo, Haley ha sido el aut\u00e9ntico azote de Trump en la ONU, donde no ha dudado de hacerse eco de las pol\u00e9micas palabras del presidente contra Ir\u00e1n, Corea del Norte, Venezuela o, incluso, la propia instituci\u00f3n, a la que lleg\u00f3 a acusar de no ser justa con Israel.<\/p>\n","protected":false},"excerpt":{"rendered":"<p>El presidente de Estados Unidos, Donald Trump, confirm\u00f3 que la embajadora estadounidense ante la ONU, Nikki Haley, abandonar\u00e1 el cargo a finales de a\u00f1o, una decisi\u00f3n que, seg\u00fan dijo el mandatario, le hab\u00eda comunicado hac\u00eda ya varios meses. \u201cHa hecho un trabajo fant\u00e1stico. Hemos hecho un trabajo fant\u00e1stico juntos\u201d, declar\u00f3 Trump a un grupo de [&hellip;]<\/p>\n","protected":false},"author":2,"featured_media":363037,"comment_status":"closed","ping_status":"closed","sticky":false,"template":"","format":"standard","meta":{"footnotes":""},"categories":[4],"tags":[],"class_list":["post-363036","post","type-post","status-publish","format-standard","has-post-thumbnail","hentry","category-mundo"],"_links":{"self":[{"href":"https:\/\/diarioavancetabasco.com\/index.php?rest_route=\/wp\/v2\/posts\/363036","targetHints":{"allow":["GET"]}}],"collection":[{"href":"https:\/\/diarioavancetabasco.com\/index.php?rest_route=\/wp\/v2\/posts"}],"about":[{"href":"https:\/\/diarioavancetabasco.com\/index.php?rest_route=\/wp\/v2\/types\/post"}],"author":[{"embeddable":true,"href":"https:\/\/diarioavancetabasco.com\/index.php?rest_route=\/wp\/v2\/users\/2"}],"replies":[{"embeddable":true,"href":"https:\/\/diarioavancetabasco.com\/index.php?rest_route=%2Fwp%2Fv2%2Fcomments&post=363036"}],"version-history":[{"count":2,"href":"https:\/\/diarioavancetabasco.com\/index.php?rest_route=\/wp\/v2\/posts\/363036\/revisions"}],"predecessor-version":[{"id":363049,"href":"https:\/\/diarioavancetabasco.com\/index.php?rest_route=\/wp\/v2\/posts\/363036\/revisions\/363049"}],"wp:featuredmedia":[{"embeddable":true,"href":"https:\/\/diarioavancetabasco.com\/index.php?rest_route=\/wp\/v2\/media\/363037"}],"wp:attachment":[{"href":"https:\/\/diarioavancetabasco.com\/index.php?rest_route=%2Fwp%2Fv2%2Fmedia&parent=363036"}],"wp:term":[{"taxonomy":"category","embeddable":true,"href":"https:\/\/diarioavancetabasco.com\/index.php?rest_route=%2Fwp%2Fv2%2Fcategories&post=363036"},{"taxonomy":"post_tag","embeddable":true,"href":"https:\/\/diarioavancetabasco.com\/index.php?rest_route=%2Fwp%2Fv2%2Ftags&post=363036"}],"curies":[{"name":"wp","href":"https:\/\/api.w.org\/{rel}","templated":true}]}}