{"id":363064,"date":"2018-10-10T00:06:42","date_gmt":"2018-10-10T05:06:42","guid":{"rendered":"http:\/\/diarioavancetabasco.com\/?p=363064"},"modified":"2018-10-10T00:06:55","modified_gmt":"2018-10-10T05:06:55","slug":"arambula-y-salma-fuertes-candidatas","status":"publish","type":"post","link":"https:\/\/diarioavancetabasco.com\/?p=363064","title":{"rendered":"Ar\u00e1mbula y Salma fuertes candidatas"},"content":{"rendered":"<p><!--\np.p1 {margin: 0.0px 0.0px 0.0px 0.0px; text-align: justify; line-height: 10.0px; font: 52.0px Whitman}\np.p2 {margin: 0.0px 0.0px 0.0px 0.0px; text-align: justify; line-height: 10.0px; font: 10.0px Whitman}\np.p3 {margin: 0.0px 0.0px 0.0px 0.0px; text-align: justify; text-indent: 6.0px; line-height: 10.0px; font: 10.0px Whitman}\nspan.s1 {letter-spacing: -0.4px}\n-->La ic\u00f3nica actriz y cantante Mar\u00eda Victoria tiene muchas cosas qu\u00e9 contar de su vida personal y profesional, por lo que su hijo, Rub\u00e9n Zepeda, ya anunci\u00f3 que se prepara la bioserie que estar\u00eda al aire durante 2019.<\/p>\n<p>De acuerdo con informaci\u00f3n difundida en el noticiero de Javier Poza en Radio F\u00f3rmula, el hijo de la diva del cine de oro mexicano ha tenido pl\u00e1ticas con al menos una de las dos actrices mexicanas, que han pensado, podr\u00edan interpretarla.<\/p>\n","protected":false},"excerpt":{"rendered":"<p>La ic\u00f3nica actriz y cantante Mar\u00eda Victoria tiene muchas cosas qu\u00e9 contar de su vida personal y profesional, por lo que su hijo, Rub\u00e9n Zepeda, ya anunci\u00f3 que se prepara la bioserie que estar\u00eda al aire durante 2019. De acuerdo con informaci\u00f3n difundida en el noticiero de Javier Poza en Radio F\u00f3rmula, el hijo de [&hellip;]<\/p>\n","protected":false},"author":2,"featured_media":363046,"comment_status":"closed","ping_status":"closed","sticky":false,"template":"","format":"standard","meta":{"footnotes":""},"categories":[11],"tags":[],"class_list":["post-363064","post","type-post","status-publish","format-standard","has-post-thumbnail","hentry","category-espectaculos"],"_links":{"self":[{"href":"https:\/\/diarioavancetabasco.com\/index.php?rest_route=\/wp\/v2\/posts\/363064","targetHints":{"allow":["GET"]}}],"collection":[{"href":"https:\/\/diarioavancetabasco.com\/index.php?rest_route=\/wp\/v2\/posts"}],"about":[{"href":"https:\/\/diarioavancetabasco.com\/index.php?rest_route=\/wp\/v2\/types\/post"}],"author":[{"embeddable":true,"href":"https:\/\/diarioavancetabasco.com\/index.php?rest_route=\/wp\/v2\/users\/2"}],"replies":[{"embeddable":true,"href":"https:\/\/diarioavancetabasco.com\/index.php?rest_route=%2Fwp%2Fv2%2Fcomments&post=363064"}],"version-history":[{"count":2,"href":"https:\/\/diarioavancetabasco.com\/index.php?rest_route=\/wp\/v2\/posts\/363064\/revisions"}],"predecessor-version":[{"id":363085,"href":"https:\/\/diarioavancetabasco.com\/index.php?rest_route=\/wp\/v2\/posts\/363064\/revisions\/363085"}],"wp:featuredmedia":[{"embeddable":true,"href":"https:\/\/diarioavancetabasco.com\/index.php?rest_route=\/wp\/v2\/media\/363046"}],"wp:attachment":[{"href":"https:\/\/diarioavancetabasco.com\/index.php?rest_route=%2Fwp%2Fv2%2Fmedia&parent=363064"}],"wp:term":[{"taxonomy":"category","embeddable":true,"href":"https:\/\/diarioavancetabasco.com\/index.php?rest_route=%2Fwp%2Fv2%2Fcategories&post=363064"},{"taxonomy":"post_tag","embeddable":true,"href":"https:\/\/diarioavancetabasco.com\/index.php?rest_route=%2Fwp%2Fv2%2Ftags&post=363064"}],"curies":[{"name":"wp","href":"https:\/\/api.w.org\/{rel}","templated":true}]}}