{"id":363116,"date":"2018-10-11T00:06:17","date_gmt":"2018-10-11T05:06:17","guid":{"rendered":"http:\/\/diarioavancetabasco.com\/?p=363116"},"modified":"2018-10-11T00:06:20","modified_gmt":"2018-10-11T05:06:20","slug":"hay-presidente-electo-para-muchos-anos-amlo","status":"publish","type":"post","link":"https:\/\/diarioavancetabasco.com\/?p=363116","title":{"rendered":"Hay presidente electo para muchos a\u00f1os: AMLO"},"content":{"rendered":"<p><!--\np.p1 {margin: 0.0px 0.0px 0.0px 0.0px; text-align: justify; line-height: 10.0px; font: 52.0px Whitman}\np.p2 {margin: 0.0px 0.0px 0.0px 0.0px; text-align: justify; line-height: 10.0px; font: 10.0px Whitman}\np.p3 {margin: 0.0px 0.0px 0.0px 0.0px; text-align: justify; text-indent: 6.0px; line-height: 10.0px; font: 10.0px Whitman}\nspan.s1 {letter-spacing: -0.3px}\n-->A pesar de las versiones que se\u00f1alan problemas de salud, el presidente electo Andr\u00e9s Manuel L\u00f3pez Obrador dijo que se encuentra al 100 y \u201chay presidente electo para muchos a\u00f1os\u201d.<\/p>\n<p>Al concluir una reuni\u00f3n con el gobernador del Estado de M\u00e9xico, Alfredo del Mazo, el presidente electo expuso en mensaje que a la prensa \u201cfif\u00ed\u201d no le gustan los cambios que vienen con la cuarta transformaci\u00f3n, pues asegur\u00f3 que no les parece que se acaben con los privilegios.<\/p>\n<p>\u201cEstoy notando que hay una campa\u00f1a contra los cambios, est\u00e1n queriendo hacer creer que todo es lo mismo y que es m\u00e1s de lo mismo. No, es cambio verdadero. No quiero tampoco generalizar, la mayor\u00eda de los medios tienen una actitud de mucha apertura, est\u00e1n informando objetivamente. Pero hay esta prensa conservadora que saca de contexto las cosas, por decir lo menos, o mienten\u201d, dijo.<\/p>\n<p>Sostuvo que goza de cabal salud y que sus detractores \u201cno se froten sus manos porque se van a quedar con las ganas\u201d.<\/p>\n<p>Incluso critic\u00f3 que muchos medios de comunicaci\u00f3n no han difundido dos acciones importantes en la temporada de transici\u00f3n, como que el mandatario recibir\u00e1 menos salario y que le han quitado la pensi\u00f3n a los expresidentes.<\/p>\n<p>L\u00f3pez Obrador aclar\u00f3 que \u00e9l tambi\u00e9n ejercer\u00e1 su derecho a la libertad de expresi\u00f3n.<\/p>\n","protected":false},"excerpt":{"rendered":"<p>A pesar de las versiones que se\u00f1alan problemas de salud, el presidente electo Andr\u00e9s Manuel L\u00f3pez Obrador dijo que se encuentra al 100 y \u201chay presidente electo para muchos a\u00f1os\u201d. Al concluir una reuni\u00f3n con el gobernador del Estado de M\u00e9xico, Alfredo del Mazo, el presidente electo expuso en mensaje que a la prensa \u201cfif\u00ed\u201d [&hellip;]<\/p>\n","protected":false},"author":2,"featured_media":363109,"comment_status":"closed","ping_status":"closed","sticky":false,"template":"","format":"standard","meta":{"footnotes":""},"categories":[3],"tags":[],"class_list":["post-363116","post","type-post","status-publish","format-standard","has-post-thumbnail","hentry","category-nacional"],"_links":{"self":[{"href":"https:\/\/diarioavancetabasco.com\/index.php?rest_route=\/wp\/v2\/posts\/363116","targetHints":{"allow":["GET"]}}],"collection":[{"href":"https:\/\/diarioavancetabasco.com\/index.php?rest_route=\/wp\/v2\/posts"}],"about":[{"href":"https:\/\/diarioavancetabasco.com\/index.php?rest_route=\/wp\/v2\/types\/post"}],"author":[{"embeddable":true,"href":"https:\/\/diarioavancetabasco.com\/index.php?rest_route=\/wp\/v2\/users\/2"}],"replies":[{"embeddable":true,"href":"https:\/\/diarioavancetabasco.com\/index.php?rest_route=%2Fwp%2Fv2%2Fcomments&post=363116"}],"version-history":[{"count":2,"href":"https:\/\/diarioavancetabasco.com\/index.php?rest_route=\/wp\/v2\/posts\/363116\/revisions"}],"predecessor-version":[{"id":363150,"href":"https:\/\/diarioavancetabasco.com\/index.php?rest_route=\/wp\/v2\/posts\/363116\/revisions\/363150"}],"wp:featuredmedia":[{"embeddable":true,"href":"https:\/\/diarioavancetabasco.com\/index.php?rest_route=\/wp\/v2\/media\/363109"}],"wp:attachment":[{"href":"https:\/\/diarioavancetabasco.com\/index.php?rest_route=%2Fwp%2Fv2%2Fmedia&parent=363116"}],"wp:term":[{"taxonomy":"category","embeddable":true,"href":"https:\/\/diarioavancetabasco.com\/index.php?rest_route=%2Fwp%2Fv2%2Fcategories&post=363116"},{"taxonomy":"post_tag","embeddable":true,"href":"https:\/\/diarioavancetabasco.com\/index.php?rest_route=%2Fwp%2Fv2%2Ftags&post=363116"}],"curies":[{"name":"wp","href":"https:\/\/api.w.org\/{rel}","templated":true}]}}