{"id":363120,"date":"2018-10-11T00:08:29","date_gmt":"2018-10-11T05:08:29","guid":{"rendered":"http:\/\/diarioavancetabasco.com\/?p=363120"},"modified":"2018-10-11T00:08:31","modified_gmt":"2018-10-11T05:08:31","slug":"se-prepara-finanzas-para-pagos-de-fin-de-ano","status":"publish","type":"post","link":"https:\/\/diarioavancetabasco.com\/?p=363120","title":{"rendered":"Se prepara Finanzas  para pagos de fin de a\u00f1o"},"content":{"rendered":"<p><!--\np.p1 {margin: 0.0px 0.0px 0.0px 0.0px; text-align: justify; line-height: 10.0px; font: 52.0px Whitman}\np.p2 {margin: 0.0px 0.0px 0.0px 0.0px; text-align: justify; line-height: 10.0px; font: 10.0px Whitman}\np.p3 {margin: 0.0px 0.0px 0.0px 0.0px; text-align: justify; text-indent: 6.0px; line-height: 10.0px; font: 10.0px Whitman}\n-->El titular de la Secretar\u00eda de Administraci\u00f3n y Finanzas, Amet Ramos Troconis, asegur\u00f3 que est\u00e1n\u00a0tomando las previsiones para\u00a0 poder hacer frente a los pagos de las prestaciones de fin de a\u00f1o.<\/p>\n<p>En el tema de si se podr\u00eda adelantar el aguinaldo\u00a0para el Buen Fin,\u00a0se\u00f1ala que \u201cno ha habido hasta el momento una convocatoria como se hac\u00eda en otros a\u00f1os para el gobierno del Estado y hacer el adelanto del aguinaldo\u201d.<\/p>\n<p>Coment\u00f3 que est\u00e1n a punto de entregar el avance que se tiene financiero al tercer trimestre \u201cTenemos este mes de octubre para poder consolidar la informaci\u00f3n al mes de septiembre\u201d.<\/p>\n<p>Ramos Troconis, se\u00f1al\u00f3 que si se requiere de mucha certeza en cuanto a la utilizaci\u00f3n del recurso para que esta administraci\u00f3n salga bien.<\/p>\n<p>Coment\u00f3 que los reportes que se entregan ante la C\u00e1mara de Diputado han sido buenos y est\u00e1n a punto de entregar el del\u00a0 tercer trimestre en el mes de septiembre donde se ve el equilibrio presupuestal que est\u00e1 teniendo Tabasco.<\/p>\n","protected":false},"excerpt":{"rendered":"<p>El titular de la Secretar\u00eda de Administraci\u00f3n y Finanzas, Amet Ramos Troconis, asegur\u00f3 que est\u00e1n\u00a0tomando las previsiones para\u00a0 poder hacer frente a los pagos de las prestaciones de fin de a\u00f1o. En el tema de si se podr\u00eda adelantar el aguinaldo\u00a0para el Buen Fin,\u00a0se\u00f1ala que \u201cno ha habido hasta el momento una convocatoria como se [&hellip;]<\/p>\n","protected":false},"author":2,"featured_media":363108,"comment_status":"closed","ping_status":"closed","sticky":false,"template":"","format":"standard","meta":{"footnotes":""},"categories":[9],"tags":[],"class_list":["post-363120","post","type-post","status-publish","format-standard","has-post-thumbnail","hentry","category-politica"],"_links":{"self":[{"href":"https:\/\/diarioavancetabasco.com\/index.php?rest_route=\/wp\/v2\/posts\/363120","targetHints":{"allow":["GET"]}}],"collection":[{"href":"https:\/\/diarioavancetabasco.com\/index.php?rest_route=\/wp\/v2\/posts"}],"about":[{"href":"https:\/\/diarioavancetabasco.com\/index.php?rest_route=\/wp\/v2\/types\/post"}],"author":[{"embeddable":true,"href":"https:\/\/diarioavancetabasco.com\/index.php?rest_route=\/wp\/v2\/users\/2"}],"replies":[{"embeddable":true,"href":"https:\/\/diarioavancetabasco.com\/index.php?rest_route=%2Fwp%2Fv2%2Fcomments&post=363120"}],"version-history":[{"count":2,"href":"https:\/\/diarioavancetabasco.com\/index.php?rest_route=\/wp\/v2\/posts\/363120\/revisions"}],"predecessor-version":[{"id":363152,"href":"https:\/\/diarioavancetabasco.com\/index.php?rest_route=\/wp\/v2\/posts\/363120\/revisions\/363152"}],"wp:featuredmedia":[{"embeddable":true,"href":"https:\/\/diarioavancetabasco.com\/index.php?rest_route=\/wp\/v2\/media\/363108"}],"wp:attachment":[{"href":"https:\/\/diarioavancetabasco.com\/index.php?rest_route=%2Fwp%2Fv2%2Fmedia&parent=363120"}],"wp:term":[{"taxonomy":"category","embeddable":true,"href":"https:\/\/diarioavancetabasco.com\/index.php?rest_route=%2Fwp%2Fv2%2Fcategories&post=363120"},{"taxonomy":"post_tag","embeddable":true,"href":"https:\/\/diarioavancetabasco.com\/index.php?rest_route=%2Fwp%2Fv2%2Ftags&post=363120"}],"curies":[{"name":"wp","href":"https:\/\/api.w.org\/{rel}","templated":true}]}}