{"id":363122,"date":"2018-10-11T00:11:18","date_gmt":"2018-10-11T05:11:18","guid":{"rendered":"http:\/\/diarioavancetabasco.com\/?p=363122"},"modified":"2018-10-11T00:11:23","modified_gmt":"2018-10-11T05:11:23","slug":"revision-a-fondo-del-federalismo-fiscal","status":"publish","type":"post","link":"https:\/\/diarioavancetabasco.com\/?p=363122","title":{"rendered":"Revisi\u00f3n a fondo del  federalismo fiscal"},"content":{"rendered":"<p><!--\np.p1 {margin: 0.0px 0.0px 0.0px 0.0px; text-align: justify; line-height: 10.0px; font: 10.0px Whitman}\np.p2 {margin: 0.0px 0.0px 0.0px 0.0px; text-align: justify; text-indent: 6.0px; line-height: 10.0px; font: 10.0px Whitman}\nspan.s1 {letter-spacing: -0.4px}\n--><!--\np.p1 {margin: 0.0px 0.0px 0.0px 0.0px; text-align: justify; line-height: 10.0px; font: 10.0px Whitman}\np.p2 {margin: 0.0px 0.0px 0.0px 0.0px; text-align: justify; text-indent: 6.0px; line-height: 10.0px; font: 10.0px Whitman}\nspan.s1 {letter-spacing: -0.4px}\n--><!--\np.p1 {margin: 0.0px 0.0px 0.0px 0.0px; text-align: justify; line-height: 10.0px; font: 52.0px Whitman}\np.p2 {margin: 0.0px 0.0px 0.0px 0.0px; text-align: justify; line-height: 10.0px; font: 10.0px Whitman}\np.p3 {margin: 0.0px 0.0px 0.0px 0.0px; text-align: justify; text-indent: 6.0px; line-height: 10.0px; font: 10.0px Whitman}\nspan.s1 {letter-spacing: -0.1px}\n-->Al presidir la Asamblea Plenaria del Sistema Estatal de Planeaci\u00f3n, el Gobernador Arturo N\u00fa\u00f1ez Jim\u00e9nez insisti\u00f3 en la necesidad de impulsar una revisi\u00f3n a fondo del Sistema Nacional de Coordinaci\u00f3n Fiscal, a efecto de que haya piso parejo en la distribuci\u00f3n de las participaciones hacia los estados de la Rep\u00fablica.<\/p>\n<p>Ante integrantes del Comit\u00e9 de Planeaci\u00f3n para el Desarrollo del Estado (Copladet), el mandatario advirti\u00f3 que de cara a los pr\u00f3ximos a\u00f1os, los problemas derivados del actual federalismo fiscal apretar\u00e1n a\u00fan m\u00e1s las finanzas de estados y municipios, por lo que resulta un asunto de car\u00e1cter urgente encontrar soluciones que permitan compensar a las entidades, en funci\u00f3n de sus particularidades.<\/p>\n<p>El federalismo fiscal debe \u201ccompensar con incentivos a los (estados) que m\u00e1s aportan al desarrollo con recursos naturales, pero tambi\u00e9n debe mantener una solidaridad federalista con los que est\u00e1n m\u00e1s rezagados en su desarrollo econ\u00f3mico y social\u201d, estableci\u00f3.<\/p>\n<p>Ante la nueva generaci\u00f3n de alcaldes que reci\u00e9n asumi\u00f3 funciones el pasado 5 de octubre, N\u00fa\u00f1ez Jim\u00e9nez comparti\u00f3 reflexiones en cuestiones relacionadas con el desempe\u00f1o de la administraci\u00f3n municipal y la gesti\u00f3n de recursos, y dijo que de frente al futuro a\u00fan hay temas asociados con la administraci\u00f3n p\u00fablica que tendr\u00e1n que ir cambiando poco a poco.<\/p>\n<p>Reiter\u00f3 en ese sentido la urgencia de entrar a la revisi\u00f3n del federalismo fiscal, porque es la \u00fanica ruta para encontrar medidas que ayuden a afrontar los severos problemas que, tanto estados como municipios, viven en sus finanzas por un sinn\u00famero de factores, incluidos laudos laborales o pasivos por concepto del servicio el\u00e9ctrico.<\/p>\n","protected":false},"excerpt":{"rendered":"<p>Al presidir la Asamblea Plenaria del Sistema Estatal de Planeaci\u00f3n, el Gobernador Arturo N\u00fa\u00f1ez Jim\u00e9nez insisti\u00f3 en la necesidad de impulsar una revisi\u00f3n a fondo del Sistema Nacional de Coordinaci\u00f3n Fiscal, a efecto de que haya piso parejo en la distribuci\u00f3n de las participaciones hacia los estados de la Rep\u00fablica. Ante integrantes del Comit\u00e9 de [&hellip;]<\/p>\n","protected":false},"author":2,"featured_media":363110,"comment_status":"closed","ping_status":"closed","sticky":false,"template":"","format":"standard","meta":{"footnotes":""},"categories":[9],"tags":[],"class_list":["post-363122","post","type-post","status-publish","format-standard","has-post-thumbnail","hentry","category-politica"],"_links":{"self":[{"href":"https:\/\/diarioavancetabasco.com\/index.php?rest_route=\/wp\/v2\/posts\/363122","targetHints":{"allow":["GET"]}}],"collection":[{"href":"https:\/\/diarioavancetabasco.com\/index.php?rest_route=\/wp\/v2\/posts"}],"about":[{"href":"https:\/\/diarioavancetabasco.com\/index.php?rest_route=\/wp\/v2\/types\/post"}],"author":[{"embeddable":true,"href":"https:\/\/diarioavancetabasco.com\/index.php?rest_route=\/wp\/v2\/users\/2"}],"replies":[{"embeddable":true,"href":"https:\/\/diarioavancetabasco.com\/index.php?rest_route=%2Fwp%2Fv2%2Fcomments&post=363122"}],"version-history":[{"count":2,"href":"https:\/\/diarioavancetabasco.com\/index.php?rest_route=\/wp\/v2\/posts\/363122\/revisions"}],"predecessor-version":[{"id":363153,"href":"https:\/\/diarioavancetabasco.com\/index.php?rest_route=\/wp\/v2\/posts\/363122\/revisions\/363153"}],"wp:featuredmedia":[{"embeddable":true,"href":"https:\/\/diarioavancetabasco.com\/index.php?rest_route=\/wp\/v2\/media\/363110"}],"wp:attachment":[{"href":"https:\/\/diarioavancetabasco.com\/index.php?rest_route=%2Fwp%2Fv2%2Fmedia&parent=363122"}],"wp:term":[{"taxonomy":"category","embeddable":true,"href":"https:\/\/diarioavancetabasco.com\/index.php?rest_route=%2Fwp%2Fv2%2Fcategories&post=363122"},{"taxonomy":"post_tag","embeddable":true,"href":"https:\/\/diarioavancetabasco.com\/index.php?rest_route=%2Fwp%2Fv2%2Ftags&post=363122"}],"curies":[{"name":"wp","href":"https:\/\/api.w.org\/{rel}","templated":true}]}}