{"id":363183,"date":"2018-10-11T21:34:37","date_gmt":"2018-10-12T02:34:37","guid":{"rendered":"http:\/\/diarioavancetabasco.com\/?p=363183"},"modified":"2018-10-11T21:34:37","modified_gmt":"2018-10-12T02:34:37","slug":"pence-en-investidura-de-obrador","status":"publish","type":"post","link":"https:\/\/diarioavancetabasco.com\/?p=363183","title":{"rendered":"Pence en investidura de Obrador"},"content":{"rendered":"<style type=\"text\/css\"><!--\np.p1 {margin: 0.0px 0.0px 0.0px 0.0px; text-align: justify; line-height: 10.0px; font: 52.0px Whitman}\np.p2 {margin: 0.0px 0.0px 0.0px 0.0px; text-align: justify; line-height: 10.0px; font: 10.0px Whitman}\np.p3 {margin: 0.0px 0.0px 0.0px 0.0px; text-align: justify; text-indent: 6.0px; line-height: 10.0px; font: 10.0px Whitman}\nspan.s1 {letter-spacing: -0.3px}\n--><\/style>\n<p>El vicepresidente de EU, Mike Pence, confirm\u00f3 este jueves que acudir\u00e1 a la investidura como presidente de M\u00e9xico de Andr\u00e9s Manuel L\u00f3pez Obrador el pr\u00f3ximo 1 de diciembre.<\/p>\n<p>Pence hizo el anuncio durante la apertura en Washington de la II Conferencia sobre Prosperidad y Seguridad en Centroam\u00e9rica, en la que participan el canciller mexicano, Luis Videgaray, y el secretario de Gobernaci\u00f3n de M\u00e9xico, Alfonso Navarrete.<\/p>\n<p>A la investidura de L\u00f3pez Obrador tambi\u00e9n acudir\u00e1 el secretario de Estado de EU, Mike Pompeo.<\/p>\n<p>De acuerdo a Pence, el presidente de EU, Donald Trump, y L\u00f3pez Obrador ya han tenido \u201cbuenas conversaciones\u201d y se mostr\u00f3 seguro de que el \u201cliderazgo\u201d de ambos permitir\u00e1 \u201cavanzar los intereses\u201d del continente americano, especialmente en el \u00e1mbito de la seguridad y en el \u00e1rea econ\u00f3mica de la \u201cprosperidad\u201d.<\/p>\n","protected":false},"excerpt":{"rendered":"<p>El vicepresidente de EU, Mike Pence, confirm\u00f3 este jueves que acudir\u00e1 a la investidura como presidente de M\u00e9xico de Andr\u00e9s Manuel L\u00f3pez Obrador el pr\u00f3ximo 1 de diciembre. Pence hizo el anuncio durante la apertura en Washington de la II Conferencia sobre Prosperidad y Seguridad en Centroam\u00e9rica, en la que participan el canciller mexicano, Luis [&hellip;]<\/p>\n","protected":false},"author":2,"featured_media":363173,"comment_status":"closed","ping_status":"closed","sticky":false,"template":"","format":"standard","meta":{"footnotes":""},"categories":[4],"tags":[],"class_list":["post-363183","post","type-post","status-publish","format-standard","has-post-thumbnail","hentry","category-mundo"],"_links":{"self":[{"href":"https:\/\/diarioavancetabasco.com\/index.php?rest_route=\/wp\/v2\/posts\/363183","targetHints":{"allow":["GET"]}}],"collection":[{"href":"https:\/\/diarioavancetabasco.com\/index.php?rest_route=\/wp\/v2\/posts"}],"about":[{"href":"https:\/\/diarioavancetabasco.com\/index.php?rest_route=\/wp\/v2\/types\/post"}],"author":[{"embeddable":true,"href":"https:\/\/diarioavancetabasco.com\/index.php?rest_route=\/wp\/v2\/users\/2"}],"replies":[{"embeddable":true,"href":"https:\/\/diarioavancetabasco.com\/index.php?rest_route=%2Fwp%2Fv2%2Fcomments&post=363183"}],"version-history":[{"count":1,"href":"https:\/\/diarioavancetabasco.com\/index.php?rest_route=\/wp\/v2\/posts\/363183\/revisions"}],"predecessor-version":[{"id":363184,"href":"https:\/\/diarioavancetabasco.com\/index.php?rest_route=\/wp\/v2\/posts\/363183\/revisions\/363184"}],"wp:featuredmedia":[{"embeddable":true,"href":"https:\/\/diarioavancetabasco.com\/index.php?rest_route=\/wp\/v2\/media\/363173"}],"wp:attachment":[{"href":"https:\/\/diarioavancetabasco.com\/index.php?rest_route=%2Fwp%2Fv2%2Fmedia&parent=363183"}],"wp:term":[{"taxonomy":"category","embeddable":true,"href":"https:\/\/diarioavancetabasco.com\/index.php?rest_route=%2Fwp%2Fv2%2Fcategories&post=363183"},{"taxonomy":"post_tag","embeddable":true,"href":"https:\/\/diarioavancetabasco.com\/index.php?rest_route=%2Fwp%2Fv2%2Ftags&post=363183"}],"curies":[{"name":"wp","href":"https:\/\/api.w.org\/{rel}","templated":true}]}}