{"id":363187,"date":"2018-10-12T00:35:47","date_gmt":"2018-10-12T05:35:47","guid":{"rendered":"http:\/\/diarioavancetabasco.com\/?p=363187"},"modified":"2018-10-12T00:35:55","modified_gmt":"2018-10-12T05:35:55","slug":"no-habra-aumento-a-tarifas-electricas","status":"publish","type":"post","link":"https:\/\/diarioavancetabasco.com\/?p=363187","title":{"rendered":"No habr\u00e1 aumento  a tarifas el\u00e9ctricas"},"content":{"rendered":"<p><!--\np.p1 {margin: 0.0px 0.0px 0.0px 0.0px; text-align: justify; line-height: 10.0px; font: 10.0px Whitman}\np.p2 {margin: 0.0px 0.0px 0.0px 0.0px; text-align: justify; text-indent: 6.0px; line-height: 10.0px; font: 10.0px Whitman}\nspan.s1 {letter-spacing: -0.2px}\n-->El director de la Comisi\u00f3n Federal de Electricidad (CFE), Jaime Hern\u00e1ndez comprometi\u00f3 que no habr\u00e1 aumentos a las tarifas el\u00e9ctricas de usuarios dom\u00e9sticos en lo que resta del a\u00f1o.<\/p>\n<p>Durante su comparecencia en la C\u00e1mara de Diputados con motivo de la glosa del sexto informe de gobierno, el funcionario detall\u00f3 que en los \u00faltimos 46 meses esta tarifa no ha sufrido incremento, a diferencia de lo que ocurr\u00eda en a\u00f1os anteriores cuando ven\u00edan aumentando a raz\u00f3n de 4% anual.<\/p>\n<p>Coment\u00f3 que actualmente 99% de los hogares en M\u00e9xico han tenido una reducci\u00f3n de esta tarifa del 16% en t\u00e9rminos reales respecto al cierre de 2012.<\/p>\n","protected":false},"excerpt":{"rendered":"<p>El director de la Comisi\u00f3n Federal de Electricidad (CFE), Jaime Hern\u00e1ndez comprometi\u00f3 que no habr\u00e1 aumentos a las tarifas el\u00e9ctricas de usuarios dom\u00e9sticos en lo que resta del a\u00f1o. Durante su comparecencia en la C\u00e1mara de Diputados con motivo de la glosa del sexto informe de gobierno, el funcionario detall\u00f3 que en los \u00faltimos 46 [&hellip;]<\/p>\n","protected":false},"author":2,"featured_media":363180,"comment_status":"closed","ping_status":"closed","sticky":false,"template":"","format":"standard","meta":{"footnotes":""},"categories":[3],"tags":[],"class_list":["post-363187","post","type-post","status-publish","format-standard","has-post-thumbnail","hentry","category-nacional"],"_links":{"self":[{"href":"https:\/\/diarioavancetabasco.com\/index.php?rest_route=\/wp\/v2\/posts\/363187","targetHints":{"allow":["GET"]}}],"collection":[{"href":"https:\/\/diarioavancetabasco.com\/index.php?rest_route=\/wp\/v2\/posts"}],"about":[{"href":"https:\/\/diarioavancetabasco.com\/index.php?rest_route=\/wp\/v2\/types\/post"}],"author":[{"embeddable":true,"href":"https:\/\/diarioavancetabasco.com\/index.php?rest_route=\/wp\/v2\/users\/2"}],"replies":[{"embeddable":true,"href":"https:\/\/diarioavancetabasco.com\/index.php?rest_route=%2Fwp%2Fv2%2Fcomments&post=363187"}],"version-history":[{"count":2,"href":"https:\/\/diarioavancetabasco.com\/index.php?rest_route=\/wp\/v2\/posts\/363187\/revisions"}],"predecessor-version":[{"id":363226,"href":"https:\/\/diarioavancetabasco.com\/index.php?rest_route=\/wp\/v2\/posts\/363187\/revisions\/363226"}],"wp:featuredmedia":[{"embeddable":true,"href":"https:\/\/diarioavancetabasco.com\/index.php?rest_route=\/wp\/v2\/media\/363180"}],"wp:attachment":[{"href":"https:\/\/diarioavancetabasco.com\/index.php?rest_route=%2Fwp%2Fv2%2Fmedia&parent=363187"}],"wp:term":[{"taxonomy":"category","embeddable":true,"href":"https:\/\/diarioavancetabasco.com\/index.php?rest_route=%2Fwp%2Fv2%2Fcategories&post=363187"},{"taxonomy":"post_tag","embeddable":true,"href":"https:\/\/diarioavancetabasco.com\/index.php?rest_route=%2Fwp%2Fv2%2Ftags&post=363187"}],"curies":[{"name":"wp","href":"https:\/\/api.w.org\/{rel}","templated":true}]}}