{"id":363204,"date":"2018-10-12T00:47:20","date_gmt":"2018-10-12T05:47:20","guid":{"rendered":"http:\/\/diarioavancetabasco.com\/?p=363204"},"modified":"2018-10-12T00:47:34","modified_gmt":"2018-10-12T05:47:34","slug":"selena-en-el-psiquiatrico","status":"publish","type":"post","link":"https:\/\/diarioavancetabasco.com\/?p=363204","title":{"rendered":"Selena en el psiqui\u00e1trico"},"content":{"rendered":"<p><!--\np.p1 {margin: 0.0px 0.0px 0.0px 0.0px; text-align: justify; line-height: 10.0px; font: 52.0px Whitman}\np.p2 {margin: 0.0px 0.0px 0.0px 0.0px; text-align: justify; line-height: 10.0px; font: 10.0px Whitman}\np.p3 {margin: 0.0px 0.0px 0.0px 0.0px; text-align: justify; text-indent: 6.0px; line-height: 10.0px; font: 10.0px Whitman}\nspan.s1 {letter-spacing: -0.1px}\n-->En las \u00faltimas dos semanas, la cantante Selena Gomez fue ingresada en dos ocasiones al hospital, la segunda de ellas a causa de una crisis emocional, revel\u00f3 el portal estadounidense TMZ.<\/p>\n<p>De acuerdo con las fuentes consultadas por el medio, la cantante se encuentra en un centro de salud mental para recibir tratamiento.<\/p>\n<p>Las fuentes detallan que el fin de semana pasado tuvo que ser reingresada porque la baja en sus gl\u00f3bulos sangu\u00edneos persisti\u00f3 y provoc\u00f3 a Selena un golpe emocional, est\u00e1 recibiendo terapia de salud mental.<\/p>\n","protected":false},"excerpt":{"rendered":"<p>En las \u00faltimas dos semanas, la cantante Selena Gomez fue ingresada en dos ocasiones al hospital, la segunda de ellas a causa de una crisis emocional, revel\u00f3 el portal estadounidense TMZ. De acuerdo con las fuentes consultadas por el medio, la cantante se encuentra en un centro de salud mental para recibir tratamiento. Las fuentes [&hellip;]<\/p>\n","protected":false},"author":2,"featured_media":363169,"comment_status":"closed","ping_status":"closed","sticky":false,"template":"","format":"standard","meta":{"footnotes":""},"categories":[11],"tags":[],"class_list":["post-363204","post","type-post","status-publish","format-standard","has-post-thumbnail","hentry","category-espectaculos"],"_links":{"self":[{"href":"https:\/\/diarioavancetabasco.com\/index.php?rest_route=\/wp\/v2\/posts\/363204","targetHints":{"allow":["GET"]}}],"collection":[{"href":"https:\/\/diarioavancetabasco.com\/index.php?rest_route=\/wp\/v2\/posts"}],"about":[{"href":"https:\/\/diarioavancetabasco.com\/index.php?rest_route=\/wp\/v2\/types\/post"}],"author":[{"embeddable":true,"href":"https:\/\/diarioavancetabasco.com\/index.php?rest_route=\/wp\/v2\/users\/2"}],"replies":[{"embeddable":true,"href":"https:\/\/diarioavancetabasco.com\/index.php?rest_route=%2Fwp%2Fv2%2Fcomments&post=363204"}],"version-history":[{"count":2,"href":"https:\/\/diarioavancetabasco.com\/index.php?rest_route=\/wp\/v2\/posts\/363204\/revisions"}],"predecessor-version":[{"id":363236,"href":"https:\/\/diarioavancetabasco.com\/index.php?rest_route=\/wp\/v2\/posts\/363204\/revisions\/363236"}],"wp:featuredmedia":[{"embeddable":true,"href":"https:\/\/diarioavancetabasco.com\/index.php?rest_route=\/wp\/v2\/media\/363169"}],"wp:attachment":[{"href":"https:\/\/diarioavancetabasco.com\/index.php?rest_route=%2Fwp%2Fv2%2Fmedia&parent=363204"}],"wp:term":[{"taxonomy":"category","embeddable":true,"href":"https:\/\/diarioavancetabasco.com\/index.php?rest_route=%2Fwp%2Fv2%2Fcategories&post=363204"},{"taxonomy":"post_tag","embeddable":true,"href":"https:\/\/diarioavancetabasco.com\/index.php?rest_route=%2Fwp%2Fv2%2Ftags&post=363204"}],"curies":[{"name":"wp","href":"https:\/\/api.w.org\/{rel}","templated":true}]}}