{"id":363243,"date":"2018-10-13T00:14:09","date_gmt":"2018-10-13T05:14:09","guid":{"rendered":"http:\/\/diarioavancetabasco.com\/?p=363243"},"modified":"2018-10-13T00:14:14","modified_gmt":"2018-10-13T05:14:14","slug":"rescatan-salud-entre-gobiernos-de-manera-coordinada","status":"publish","type":"post","link":"https:\/\/diarioavancetabasco.com\/?p=363243","title":{"rendered":"Rescatan Salud entre gobiernos de manera coordinada\u00a0"},"content":{"rendered":"<p><!--\np.p1 {margin: 0.0px 0.0px 0.0px 0.0px; text-align: justify; line-height: 10.0px; font: 52.0px Whitman}\np.p2 {margin: 0.0px 0.0px 0.0px 0.0px; text-align: justify; line-height: 10.0px; font: 10.0px Whitman}\np.p3 {margin: 0.0px 0.0px 0.0px 0.0px; text-align: justify; text-indent: 6.0px; line-height: 10.0px; font: 10.0px Whitman}\np.p4 {margin: 0.0px 0.0px 0.0px 0.0px; text-align: justify; text-indent: 6.0px; line-height: 10.0px; font: 10.0px Whitman; min-height: 12.0px}\np.p5 {margin: 0.0px 0.0px 0.0px 0.0px; text-align: justify; line-height: 10.0px; font: 10.0px Amplitude}\nspan.s1 {letter-spacing: -0.3px}\nspan.s2 {font: 10.0px Whitman; letter-spacing: -0.3px}\n-->Jos\u00e9 Mart\u00ednez<\/p>\n<p>Uno de las situaciones m\u00e1s dif\u00edciles con la que cerr\u00f3 la administraci\u00f3n de Andr\u00e9s Granier Melo fue con la crisis del sector Salud.<\/p>\n<p>La situaci\u00f3n lleg\u00f3 al extremo de que los hospitales negaban brindar el servicio ante la falta de equipos y materiales para atender a los usuarios.<\/p>\n<p>El gobernador electo de ese entonces, Arturo N\u00fa\u00f1ez Jim\u00e9nez maniobr\u00f3 con la federaci\u00f3n para que se diera el rescate del sector.<\/p>\n<p>La federaci\u00f3n proporcion\u00f3 el recurso econ\u00f3mico y humano necesario para hacer frente a la situaci\u00f3n, todo esto mientras el gobernador constitucional segu\u00eda lastimando al sector, a\u00fan sin terminar su mandato de ley.<\/p>\n<p>Como resultado del desastre en salud se presentaron diversas demandas por la ASF ante la desaparici\u00f3n de miles de millones de pesos del Seguro Popular, mientras N\u00fa\u00f1ez Jim\u00e9nez realiz\u00f3 diversos cambios en la Secretar\u00eda de Salud.<\/p>\n<p>Las inversiones en medicinas se cuentan por cientos de millones de pesos, todo apuntaba para que este servicio b\u00e1sico para los tabasque\u00f1os mejorara, pero lleg\u00f3 la crisis del petr\u00f3leo.<\/p>\n<p>Apenas con dos a\u00f1os al frente del estado, el pa\u00eds empez\u00f3 a resentir los impactos del precio del crudo, una de las consecuencias m\u00e1s evidentes fue la p\u00e9rdida de empleo de quienes durante a\u00f1os laboraron en la industria petrolera.<\/p>\n<p>Las consecuencias vinieron en cascada en los dem\u00e1s sectores econ\u00f3micos del estado. Tabasco y Campeche fueron las dos entidades donde la crisis golpe\u00f3 con severidad.<\/p>\n<p>Miles de personas que antes hac\u00edan uso de los servicios privados en salud y en educaci\u00f3n, con la p\u00e9rdida de sus empleos acudieron a los sistemas p\u00fablicos para satisfacerlos, la demanda super\u00f3 a las instituciones, quienes se vieron rebasadas, y por ese motivo intervino la comisi\u00f3n de Derechos Humanos del estado.<\/p>\n<p>Una vez que la CEDH resolvi\u00f3 las quejas presentadas por un diputado local, el gobernador puso manos a la obra, y junto con su equipo analizaron la mejor v\u00eda para sacar al sector Salud del bache en el que estaba.<\/p>\n<p>La propuesta de soluci\u00f3n se puso sobre la mesa la semana pasada. Usar el remanente de un pr\u00e9stamo originalmente pensado para la implementaci\u00f3n del sistema de Justicia Penal que no se aplic\u00f3 en su totalidad.<\/p>\n<p>La propuesta fue consensada con el gobernador electo, quien apoy\u00f3 el razonamiento de N\u00fa\u00f1ez Jim\u00e9nez, ante la necesidad de recursos para Salud.<\/p>\n<p>El pasado jueves el Congreso del estado aprob\u00f3 la transferencia de recursos para la compra de medicinas, mantenimiento de equipos y de otros materiales.<\/p>\n<p>El gobernador constitucional agradeci\u00f3 p\u00fablicamente a Ad\u00e1n Augusto L\u00f3pez Hern\u00e1ndez y a los diputados locales por la disposici\u00f3n mostrada en la soluci\u00f3n de los problemas que aquejan al estado.<\/p>\n<p>El recurso se dispondr\u00e1 de inmediato, as\u00ed lo ha dicho el gobernador N\u00fa\u00f1ez, y pronto se reflejar\u00e1 su aplicaci\u00f3n en un mejor servicio a los tabasque\u00f1os.<\/p>\n<p>Dos situaciones de sexenio muy similares, solo que en uno se actu\u00f3 con responsabilidad y de forma coordinada entre los poderes del estado. En la otra no.<\/p>\n<p>&nbsp;<\/p>\n<p><b>HABERES<\/b><\/p>\n<p>MA\u00d1ANA es un d\u00eda especial para Tabasco en la transici\u00f3n de los gobiernos, tanto federal como estatal. Estar\u00e1 en Villahermosa Andr\u00e9s Manuel L\u00f3pez Obrador. Una visita que forma parte de la gira de agradecimiento que viene realizando en todo el pa\u00eds. Tambi\u00e9n se reunir\u00e1 con el gobernador Arturo N\u00fa\u00f1ez, acto en el que estar\u00e1 acompa\u00f1ado del gobernador electo Ad\u00e1n Augusto L\u00f3pez. Tendr\u00e1 un encuentro con representantes de la sociedad en el Palacio de Gobierno y un encuentro con la poblaci\u00f3n.\u00a0 Se est\u00e1 seguro que habr\u00e1 buenas noticias para Tabasco. Una de ellas ser\u00eda el borr\u00f3n y cuenta nueva.<\/p>\n","protected":false},"excerpt":{"rendered":"<p>Jos\u00e9 Mart\u00ednez Uno de las situaciones m\u00e1s dif\u00edciles con la que cerr\u00f3 la administraci\u00f3n de Andr\u00e9s Granier Melo fue con la crisis del sector Salud. La situaci\u00f3n lleg\u00f3 al extremo de que los hospitales negaban brindar el servicio ante la falta de equipos y materiales para atender a los usuarios. El gobernador electo de ese [&hellip;]<\/p>\n","protected":false},"author":2,"featured_media":363034,"comment_status":"closed","ping_status":"closed","sticky":false,"template":"","format":"standard","meta":{"footnotes":""},"categories":[9],"tags":[],"class_list":["post-363243","post","type-post","status-publish","format-standard","has-post-thumbnail","hentry","category-politica"],"_links":{"self":[{"href":"https:\/\/diarioavancetabasco.com\/index.php?rest_route=\/wp\/v2\/posts\/363243","targetHints":{"allow":["GET"]}}],"collection":[{"href":"https:\/\/diarioavancetabasco.com\/index.php?rest_route=\/wp\/v2\/posts"}],"about":[{"href":"https:\/\/diarioavancetabasco.com\/index.php?rest_route=\/wp\/v2\/types\/post"}],"author":[{"embeddable":true,"href":"https:\/\/diarioavancetabasco.com\/index.php?rest_route=\/wp\/v2\/users\/2"}],"replies":[{"embeddable":true,"href":"https:\/\/diarioavancetabasco.com\/index.php?rest_route=%2Fwp%2Fv2%2Fcomments&post=363243"}],"version-history":[{"count":2,"href":"https:\/\/diarioavancetabasco.com\/index.php?rest_route=\/wp\/v2\/posts\/363243\/revisions"}],"predecessor-version":[{"id":363289,"href":"https:\/\/diarioavancetabasco.com\/index.php?rest_route=\/wp\/v2\/posts\/363243\/revisions\/363289"}],"wp:featuredmedia":[{"embeddable":true,"href":"https:\/\/diarioavancetabasco.com\/index.php?rest_route=\/wp\/v2\/media\/363034"}],"wp:attachment":[{"href":"https:\/\/diarioavancetabasco.com\/index.php?rest_route=%2Fwp%2Fv2%2Fmedia&parent=363243"}],"wp:term":[{"taxonomy":"category","embeddable":true,"href":"https:\/\/diarioavancetabasco.com\/index.php?rest_route=%2Fwp%2Fv2%2Fcategories&post=363243"},{"taxonomy":"post_tag","embeddable":true,"href":"https:\/\/diarioavancetabasco.com\/index.php?rest_route=%2Fwp%2Fv2%2Ftags&post=363243"}],"curies":[{"name":"wp","href":"https:\/\/api.w.org\/{rel}","templated":true}]}}