{"id":363260,"date":"2018-10-13T00:41:47","date_gmt":"2018-10-13T05:41:47","guid":{"rendered":"http:\/\/diarioavancetabasco.com\/?p=363260"},"modified":"2018-10-13T00:41:51","modified_gmt":"2018-10-13T05:41:51","slug":"gobierno-de-epn-esta-en-meses-de-hidalgo-ramirez","status":"publish","type":"post","link":"https:\/\/diarioavancetabasco.com\/?p=363260","title":{"rendered":"Gobierno de EPN est\u00e1 en  \u201cmeses de Hidalgo\u201d: Ram\u00edrez"},"content":{"rendered":"<p><!--\np.p1 {margin: 0.0px 0.0px 0.0px 0.0px; text-indent: 5.0px; line-height: 8.0px; font: 8.0px Amplitude}\np.p2 {margin: 0.0px 0.0px 0.0px 0.0px; text-align: justify; line-height: 10.0px; font: 10.0px Whitman}\np.p3 {margin: 0.0px 0.0px 0.0px 0.0px; text-align: justify; text-indent: 6.0px; line-height: 10.0px; font: 10.0px Whitman}\nspan.s1 {letter-spacing: -0.2px}\n-->Tras considerar que es inaceptable que el gobierno federal \u201crenuncie o decline dos meses antes a su responsabilidad\u201d, Jes\u00fas Ram\u00edrez Cuevas, futuro director de Comunicaci\u00f3n Social del gabinete de Andr\u00e9s Manuel L\u00f3pez Obrador, denunci\u00f3 que la administraci\u00f3n de Enrique Pe\u00f1a Nieto aprovecha el foco medi\u00e1tico entorno al nuevo gobierno para hacer negocio y aplicar no un \u201ca\u00f1o de Hidalgo\u201d, sino \u201cmeses del Hidalgo\u201d.<\/p>\n<p>En entrevista para \u201cDespierta\u201d con Carlos Loret de Mola, Ram\u00edrez Cuevas se\u00f1al\u00f3: \u201cYo creo que nos servir\u00eda a todos los mexicanos que (Pe\u00f1a) rindiera cuentas. Y en este periodo de tantos meses parece que est\u00e1n acelerando no la acci\u00f3n de rendir cuentas, sino de gastarse lo que les qued\u00f3, de entregar presupuestos y contratos multianuales, de intentar hacer negocios hasta el \u00faltimo momento para dejar a proveedores y todo\u201d.<\/p>\n<p>Como ejemplo puso la apertura del mercado del agua: \u201cA partir del lunes se abre Conagua Digital, donde se van a poder concesionar aguas nacionales, bloques de agua. \u00bfPor qu\u00e9 al \u00faltimo momento? La administraci\u00f3n entrante le pidi\u00f3 suspender la acci\u00f3n de la entrega de agua y las concesiones de aguas subterr\u00e1neas y de aguas superficiales. Entonces \u00bfc\u00f3mo es posible que a pesar de la petici\u00f3n, va a haber ya el inicio del mercado de agua cu\u00e1ndo eso contradice la Constituci\u00f3n y viola derechos de los pueblos\u201d.<\/p>\n<p>-\u00bfA\u00f1o de Hidalgo?- pregunt\u00f3 Carlos Loret de Mola. El pr\u00f3ximo vocero respondi\u00f3: \u201cPues los meses de Hidalgo y no podemos permitir que despu\u00e9s del rechazo a la corrupci\u00f3n y a la forma en c\u00f3mo se ha gobernado, el gobierno actual termine de esta manera escondiendo la cara, pero tambi\u00e9n haciendo ese tipo de cosas\u201d.<\/p>\n<p>Durante la entrevista, el futuro director de Comunicaci\u00f3n Social de L\u00f3pez Obrador tambi\u00e9n revel\u00f3 que se van a reactivar los Foros de Pacificaci\u00f3n que hab\u00edan sido suspendidos en 5 entidades: \u201cSe reactivar\u00e1n en dos estados, Tamaulipas y posiblemente Sinaloa y van a asistir representantes del futuro gobierno\u201d, puntualiz\u00f3.<\/p>\n","protected":false},"excerpt":{"rendered":"<p>Tras considerar que es inaceptable que el gobierno federal \u201crenuncie o decline dos meses antes a su responsabilidad\u201d, Jes\u00fas Ram\u00edrez Cuevas, futuro director de Comunicaci\u00f3n Social del gabinete de Andr\u00e9s Manuel L\u00f3pez Obrador, denunci\u00f3 que la administraci\u00f3n de Enrique Pe\u00f1a Nieto aprovecha el foco medi\u00e1tico entorno al nuevo gobierno para hacer negocio y aplicar no [&hellip;]<\/p>\n","protected":false},"author":2,"featured_media":363248,"comment_status":"closed","ping_status":"closed","sticky":false,"template":"","format":"standard","meta":{"footnotes":""},"categories":[3],"tags":[],"class_list":["post-363260","post","type-post","status-publish","format-standard","has-post-thumbnail","hentry","category-nacional"],"_links":{"self":[{"href":"https:\/\/diarioavancetabasco.com\/index.php?rest_route=\/wp\/v2\/posts\/363260","targetHints":{"allow":["GET"]}}],"collection":[{"href":"https:\/\/diarioavancetabasco.com\/index.php?rest_route=\/wp\/v2\/posts"}],"about":[{"href":"https:\/\/diarioavancetabasco.com\/index.php?rest_route=\/wp\/v2\/types\/post"}],"author":[{"embeddable":true,"href":"https:\/\/diarioavancetabasco.com\/index.php?rest_route=\/wp\/v2\/users\/2"}],"replies":[{"embeddable":true,"href":"https:\/\/diarioavancetabasco.com\/index.php?rest_route=%2Fwp%2Fv2%2Fcomments&post=363260"}],"version-history":[{"count":2,"href":"https:\/\/diarioavancetabasco.com\/index.php?rest_route=\/wp\/v2\/posts\/363260\/revisions"}],"predecessor-version":[{"id":363302,"href":"https:\/\/diarioavancetabasco.com\/index.php?rest_route=\/wp\/v2\/posts\/363260\/revisions\/363302"}],"wp:featuredmedia":[{"embeddable":true,"href":"https:\/\/diarioavancetabasco.com\/index.php?rest_route=\/wp\/v2\/media\/363248"}],"wp:attachment":[{"href":"https:\/\/diarioavancetabasco.com\/index.php?rest_route=%2Fwp%2Fv2%2Fmedia&parent=363260"}],"wp:term":[{"taxonomy":"category","embeddable":true,"href":"https:\/\/diarioavancetabasco.com\/index.php?rest_route=%2Fwp%2Fv2%2Fcategories&post=363260"},{"taxonomy":"post_tag","embeddable":true,"href":"https:\/\/diarioavancetabasco.com\/index.php?rest_route=%2Fwp%2Fv2%2Ftags&post=363260"}],"curies":[{"name":"wp","href":"https:\/\/api.w.org\/{rel}","templated":true}]}}