{"id":363275,"date":"2018-10-13T00:55:25","date_gmt":"2018-10-13T05:55:25","guid":{"rendered":"http:\/\/diarioavancetabasco.com\/?p=363275"},"modified":"2018-10-13T00:55:32","modified_gmt":"2018-10-13T05:55:32","slug":"casa-de-la-tierra-una-opcion-de-aprendizaje","status":"publish","type":"post","link":"https:\/\/diarioavancetabasco.com\/?p=363275","title":{"rendered":"Casa de la Tierra, una opci\u00f3n de aprendizaje"},"content":{"rendered":"<p><!--\np.p1 {margin: 0.0px 0.0px 0.0px 0.0px; text-align: justify; line-height: 10.0px; font: 52.0px Whitman}\np.p2 {margin: 0.0px 0.0px 0.0px 0.0px; text-align: justify; line-height: 10.0px; font: 10.0px Whitman}\np.p3 {margin: 0.0px 0.0px 0.0px 0.0px; text-align: justify; text-indent: 6.0px; line-height: 10.0px; font: 10.0px Whitman}\nspan.s1 {letter-spacing: -0.3px}\n-->El Centro de Educaci\u00f3n y Vigilancia Clim\u00e1tica Global, mejor conocida como Casa de la Tierra -situada en las inmediaciones del parque \u201cTom\u00e1s Garrido Canabal\u201d- ser\u00e1 subsede de la Semana Nacional de Ciencia y Tecnolog\u00eda a desarrollarse el 15 y 16 de octubre con el tema Desastres Naturales: Terremotos y Huracanes, inform\u00f3 Luis M\u00e9ndez Malerva, responsable de Educaci\u00f3n y Divulgaci\u00f3n Ambiental del Instituto del Clima.<\/p>\n<p>La Casa de la Tierra, explic\u00f3 el especialista, es un proyecto por parte del Ayuntamiento de Centro en coordinaci\u00f3n con el Instituto del Clima M\u00e9xico y Am\u00e9rica Latina, cuya tecnolog\u00eda es proporcionada por la Administraci\u00f3n Nacional Oce\u00e1nica y Atmosf\u00e9rica (NOA) y est\u00e1 siendo soportada con informaci\u00f3n de la Administraci\u00f3n Nacional Aeron\u00e1utica y Espacial de los Estados Unidos (NASA).<\/p>\n<p>Con esta informaci\u00f3n, detall\u00f3, se pueden observar im\u00e1genes que tienen que ver con el espacio, los diferentes aspectos del planeta, manej\u00e1ndose temas de astronom\u00eda, atm\u00f3sfera, tierra, oc\u00e9anos; observar en tiempo real c\u00f3mo se van formando las tormentas tropicales, huracanes y son m\u00e1s de 250 contenidos clasificados.<\/p>\n<p>M\u00e9ndez Malerva, indic\u00f3 que este conjunto informativo y de educaci\u00f3n, se ofrece no s\u00f3lo a visitantes locales, nacionales y extranjero, sino a estudiantes de todas las escuelas con recorridos guiados en los que de acuerdo al nivel educativo van conociendo y disfrutando de forma audiovisual los diversos contenidos.<\/p>\n<p>Adicionalmente, se cuenta con un espacio de la Cultura del Agua, L\u00ednea del tiempo del Universo y de la Tierra, exposiciones fotogr\u00e1ficas, pinturas, dibujos y museograf\u00eda especializada que aporta el INEGI, mediante el sistema Braille.<\/p>\n<p>Se\u00f1al\u00f3 que los horarios de la Casa de la Tierra son de lunes a viernes a las 10:00, 12:00, 14:00 y 16:00 horas, solicitando a los visitantes est\u00e9n siempre unos minutos antes de la hora que quieran ingresar, y en fin de semana los servicios se ofrecen de 9:00 a 14:00 horas con recorridos cada hora.<\/p>\n","protected":false},"excerpt":{"rendered":"<p>El Centro de Educaci\u00f3n y Vigilancia Clim\u00e1tica Global, mejor conocida como Casa de la Tierra -situada en las inmediaciones del parque \u201cTom\u00e1s Garrido Canabal\u201d- ser\u00e1 subsede de la Semana Nacional de Ciencia y Tecnolog\u00eda a desarrollarse el 15 y 16 de octubre con el tema Desastres Naturales: Terremotos y Huracanes, inform\u00f3 Luis M\u00e9ndez Malerva, responsable [&hellip;]<\/p>\n","protected":false},"author":2,"featured_media":363246,"comment_status":"closed","ping_status":"closed","sticky":false,"template":"","format":"standard","meta":{"footnotes":""},"categories":[19],"tags":[],"class_list":["post-363275","post","type-post","status-publish","format-standard","has-post-thumbnail","hentry","category-de-ultima-hora"],"_links":{"self":[{"href":"https:\/\/diarioavancetabasco.com\/index.php?rest_route=\/wp\/v2\/posts\/363275","targetHints":{"allow":["GET"]}}],"collection":[{"href":"https:\/\/diarioavancetabasco.com\/index.php?rest_route=\/wp\/v2\/posts"}],"about":[{"href":"https:\/\/diarioavancetabasco.com\/index.php?rest_route=\/wp\/v2\/types\/post"}],"author":[{"embeddable":true,"href":"https:\/\/diarioavancetabasco.com\/index.php?rest_route=\/wp\/v2\/users\/2"}],"replies":[{"embeddable":true,"href":"https:\/\/diarioavancetabasco.com\/index.php?rest_route=%2Fwp%2Fv2%2Fcomments&post=363275"}],"version-history":[{"count":2,"href":"https:\/\/diarioavancetabasco.com\/index.php?rest_route=\/wp\/v2\/posts\/363275\/revisions"}],"predecessor-version":[{"id":363311,"href":"https:\/\/diarioavancetabasco.com\/index.php?rest_route=\/wp\/v2\/posts\/363275\/revisions\/363311"}],"wp:featuredmedia":[{"embeddable":true,"href":"https:\/\/diarioavancetabasco.com\/index.php?rest_route=\/wp\/v2\/media\/363246"}],"wp:attachment":[{"href":"https:\/\/diarioavancetabasco.com\/index.php?rest_route=%2Fwp%2Fv2%2Fmedia&parent=363275"}],"wp:term":[{"taxonomy":"category","embeddable":true,"href":"https:\/\/diarioavancetabasco.com\/index.php?rest_route=%2Fwp%2Fv2%2Fcategories&post=363275"},{"taxonomy":"post_tag","embeddable":true,"href":"https:\/\/diarioavancetabasco.com\/index.php?rest_route=%2Fwp%2Fv2%2Ftags&post=363275"}],"curies":[{"name":"wp","href":"https:\/\/api.w.org\/{rel}","templated":true}]}}