{"id":363283,"date":"2018-10-13T00:48:16","date_gmt":"2018-10-13T05:48:16","guid":{"rendered":"http:\/\/diarioavancetabasco.com\/?p=363283"},"modified":"2018-10-13T00:48:18","modified_gmt":"2018-10-13T05:48:18","slug":"el-cargo-de-delegado-municipal-debe-ser-honorifico-morena","status":"publish","type":"post","link":"https:\/\/diarioavancetabasco.com\/?p=363283","title":{"rendered":"El cargo de delegado municipal debe ser  \u201chonor\u00edfico\u201d: Morena"},"content":{"rendered":"<p><!--\np.p1 {margin: 0.0px 0.0px 0.0px 0.0px; text-align: justify; line-height: 10.0px; font: 10.0px Whitman}\np.p2 {margin: 0.0px 0.0px 0.0px 0.0px; text-align: justify; text-indent: 6.0px; line-height: 10.0px; font: 10.0px Whitman}\n-->El dirigente estatal de Morena, C\u00e9sar Burelo Burelo, dijo que el cargo de delegado municipal debe ser honor\u00edfico.<\/p>\n<p>Adem\u00e1s, este debe ser desempe\u00f1ado por personas de buena voluntad para servir a su comunidad.<\/p>\n<p>Argument\u00f3 que ya no ser\u00e1 necesario que los delegados de comunidades se trasladen a las cabeceras municipales a hacer gestiones.<\/p>\n<p>\u201cPorque los Presidentes Municipales van a ir a las comunidades frecuentemente\u201d, se\u00f1al\u00f3 el ex diputado federal y otrora alcalde de Cunduac\u00e1n, bajo las siglas del PRD.<\/p>\n","protected":false},"excerpt":{"rendered":"<p>El dirigente estatal de Morena, C\u00e9sar Burelo Burelo, dijo que el cargo de delegado municipal debe ser honor\u00edfico. Adem\u00e1s, este debe ser desempe\u00f1ado por personas de buena voluntad para servir a su comunidad. Argument\u00f3 que ya no ser\u00e1 necesario que los delegados de comunidades se trasladen a las cabeceras municipales a hacer gestiones. \u201cPorque los [&hellip;]<\/p>\n","protected":false},"author":2,"featured_media":363280,"comment_status":"closed","ping_status":"closed","sticky":false,"template":"","format":"standard","meta":{"footnotes":""},"categories":[9],"tags":[],"class_list":["post-363283","post","type-post","status-publish","format-standard","has-post-thumbnail","hentry","category-politica"],"_links":{"self":[{"href":"https:\/\/diarioavancetabasco.com\/index.php?rest_route=\/wp\/v2\/posts\/363283","targetHints":{"allow":["GET"]}}],"collection":[{"href":"https:\/\/diarioavancetabasco.com\/index.php?rest_route=\/wp\/v2\/posts"}],"about":[{"href":"https:\/\/diarioavancetabasco.com\/index.php?rest_route=\/wp\/v2\/types\/post"}],"author":[{"embeddable":true,"href":"https:\/\/diarioavancetabasco.com\/index.php?rest_route=\/wp\/v2\/users\/2"}],"replies":[{"embeddable":true,"href":"https:\/\/diarioavancetabasco.com\/index.php?rest_route=%2Fwp%2Fv2%2Fcomments&post=363283"}],"version-history":[{"count":2,"href":"https:\/\/diarioavancetabasco.com\/index.php?rest_route=\/wp\/v2\/posts\/363283\/revisions"}],"predecessor-version":[{"id":363307,"href":"https:\/\/diarioavancetabasco.com\/index.php?rest_route=\/wp\/v2\/posts\/363283\/revisions\/363307"}],"wp:featuredmedia":[{"embeddable":true,"href":"https:\/\/diarioavancetabasco.com\/index.php?rest_route=\/wp\/v2\/media\/363280"}],"wp:attachment":[{"href":"https:\/\/diarioavancetabasco.com\/index.php?rest_route=%2Fwp%2Fv2%2Fmedia&parent=363283"}],"wp:term":[{"taxonomy":"category","embeddable":true,"href":"https:\/\/diarioavancetabasco.com\/index.php?rest_route=%2Fwp%2Fv2%2Fcategories&post=363283"},{"taxonomy":"post_tag","embeddable":true,"href":"https:\/\/diarioavancetabasco.com\/index.php?rest_route=%2Fwp%2Fv2%2Ftags&post=363283"}],"curies":[{"name":"wp","href":"https:\/\/api.w.org\/{rel}","templated":true}]}}