{"id":363384,"date":"2018-10-16T00:52:24","date_gmt":"2018-10-16T05:52:24","guid":{"rendered":"http:\/\/diarioavancetabasco.com\/?p=363384"},"modified":"2018-10-16T00:52:33","modified_gmt":"2018-10-16T05:52:33","slug":"violacion-a-ninos-en-la-escuela","status":"publish","type":"post","link":"https:\/\/diarioavancetabasco.com\/?p=363384","title":{"rendered":"Violaci\u00f3n a ni\u00f1os en la escuela"},"content":{"rendered":"<p><!--\np.p1 {margin: 0.0px 0.0px 0.0px 0.0px; line-height: 10.0px; font: 52.0px Whitman}\np.p2 {margin: 0.0px 0.0px 0.0px 0.0px; line-height: 10.0px; font: 10.0px Whitman}\nspan.s1 {letter-spacing: -0.3px}\n-->Felipa Nery<\/p>\n<p>Ahora que se est\u00e1n llevando a cabo los Foros para tratar el tema de las reformas educativas que habr\u00e1 de impulsar el gobierno que encabezar\u00e1 el presidente Andr\u00e9s Manuel L\u00f3pez Obrador, estas deben ser acordadas tanto con los maestros, como los padres de familia, porque no se puede excluir a ninguna de las partes responsables en la educaci\u00f3n de los ni\u00f1os. El estado, maestros y padres de familia, tienen que dialogar debidamente y hacer propuestas que realmente nos lleven a hacer realidad los principios que consagra el art\u00edculo 3\u00ba. Constitucional, para tener una sociedad justa, solidaria, respetuosa de los derechos humanos y que contribuya a desarrollar arm\u00f3nicamente todas las facultades del ser humano. La reforma educativa que impuls\u00f3 el gobierno de Enrique Pe\u00f1a Nieto, no tuvo los resultados que se esperaban, porque de esta no s\u00f3lo se excluy\u00f3 a los maestros, sino que se atropellaron sus derechos, por lo que \u00e9stos no contribuyeron a alcanzar los objetivos. Es necesario, que desde la educaci\u00f3n, cambiemos la cultura de la sociedad mexicana y se sienten las bases para un mejor futuro, del que ahora tienen millones mexicanos, que no han ido a la escuela, o si bien, han pasado por los centros escolares, estos no les han servido para ser mejores personas. Entre los principios que enarbola el art\u00edculo 3\u00ba, se cuentan: luchar contra la ignorancia, las servidumbre, los fanatismos y los prejuicios; que sea una educaci\u00f3n democr\u00e1tica, considerando a la democracia no s\u00f3lo como una estructura jur\u00eddica y un r\u00e9gimen pol\u00edtico, \u201csino como un sistema de vida fundado en el constante mejoramiento econ\u00f3mico, social y cultural del pueblo\u201d; atender\u00e1 la comprensi\u00f3n de \u201cnuestros problemas, el aprovechamiento de nuestros recursos\u201d<\/p>\n<p>\u201cel aseguramiento de nuestra independencia econ\u00f3mica y a la continuidad y acrecentamiento de nuestra cultura\u201d y \u201ccontribuir\u00e1 a la mejor convivencia humana, a fin de fortalecer el aprecio y respeto por la diversidad cultural, la dignidad de la persona, la integridad de la familia, la convicci\u00f3n del inter\u00e9s general de la sociedad, los ideales de fraternidad e igualdad de derechos de todos\u201d. Sin duda que todos estos objetivos han sido letra muerta, en la formaci\u00f3n de una gran cantidad de j\u00f3venes, pero claro, la responsabilidad no es s\u00f3lo del maestro, por supuesto que tambi\u00e9n lo es de los padres de esos ni\u00f1os. Decimos lo anterior, porque si tuvi\u00e9ramos una educaci\u00f3n basada en valores, no tendr\u00edamos la descomposici\u00f3n social que hoy vivimos, descomposici\u00f3n en la que est\u00e1n inmersos los adultos, pero tambi\u00e9n una gran cantidad de menores de edad, para ejemplo, ah\u00ed est\u00e1 el caso del menor de edad, de educaci\u00f3n primaria, que la semana pasada fue violado en la escuela, por parte de sus compa\u00f1eros; pero el secretario de Educaci\u00f3n, \u00c1ngel Solis, con toda la tranquilidad del mundo, dice que no ha sido s\u00f3lo ese caso, sino que ya son tres; pero as\u00ed como estos, ha habido otros casos de bullying, que han puesto en peligro la vida de muchos ni\u00f1os. Por ello, tenemos que esperar que ahora s\u00ed, la reforma educativa sea lo que se espera y que haya compromiso de todas las partes para hacer una realidad la educaci\u00f3n integral de los ni\u00f1os, por un M\u00e9xico mejor.<\/p>\n","protected":false},"excerpt":{"rendered":"<p>Felipa Nery Ahora que se est\u00e1n llevando a cabo los Foros para tratar el tema de las reformas educativas que habr\u00e1 de impulsar el gobierno que encabezar\u00e1 el presidente Andr\u00e9s Manuel L\u00f3pez Obrador, estas deben ser acordadas tanto con los maestros, como los padres de familia, porque no se puede excluir a ninguna de las [&hellip;]<\/p>\n","protected":false},"author":2,"featured_media":363034,"comment_status":"closed","ping_status":"closed","sticky":false,"template":"","format":"standard","meta":{"footnotes":""},"categories":[9],"tags":[],"class_list":["post-363384","post","type-post","status-publish","format-standard","has-post-thumbnail","hentry","category-politica"],"_links":{"self":[{"href":"https:\/\/diarioavancetabasco.com\/index.php?rest_route=\/wp\/v2\/posts\/363384","targetHints":{"allow":["GET"]}}],"collection":[{"href":"https:\/\/diarioavancetabasco.com\/index.php?rest_route=\/wp\/v2\/posts"}],"about":[{"href":"https:\/\/diarioavancetabasco.com\/index.php?rest_route=\/wp\/v2\/types\/post"}],"author":[{"embeddable":true,"href":"https:\/\/diarioavancetabasco.com\/index.php?rest_route=\/wp\/v2\/users\/2"}],"replies":[{"embeddable":true,"href":"https:\/\/diarioavancetabasco.com\/index.php?rest_route=%2Fwp%2Fv2%2Fcomments&post=363384"}],"version-history":[{"count":2,"href":"https:\/\/diarioavancetabasco.com\/index.php?rest_route=\/wp\/v2\/posts\/363384\/revisions"}],"predecessor-version":[{"id":363463,"href":"https:\/\/diarioavancetabasco.com\/index.php?rest_route=\/wp\/v2\/posts\/363384\/revisions\/363463"}],"wp:featuredmedia":[{"embeddable":true,"href":"https:\/\/diarioavancetabasco.com\/index.php?rest_route=\/wp\/v2\/media\/363034"}],"wp:attachment":[{"href":"https:\/\/diarioavancetabasco.com\/index.php?rest_route=%2Fwp%2Fv2%2Fmedia&parent=363384"}],"wp:term":[{"taxonomy":"category","embeddable":true,"href":"https:\/\/diarioavancetabasco.com\/index.php?rest_route=%2Fwp%2Fv2%2Fcategories&post=363384"},{"taxonomy":"post_tag","embeddable":true,"href":"https:\/\/diarioavancetabasco.com\/index.php?rest_route=%2Fwp%2Fv2%2Ftags&post=363384"}],"curies":[{"name":"wp","href":"https:\/\/api.w.org\/{rel}","templated":true}]}}