{"id":363437,"date":"2018-10-16T00:31:21","date_gmt":"2018-10-16T05:31:21","guid":{"rendered":"http:\/\/diarioavancetabasco.com\/?p=363437"},"modified":"2018-10-16T00:31:28","modified_gmt":"2018-10-16T05:31:28","slug":"arranca-programa-social-100-dias-de-gobierno-de-centro","status":"publish","type":"post","link":"https:\/\/diarioavancetabasco.com\/?p=363437","title":{"rendered":"Arranca Programa Social 100  d\u00edas de Gobierno de Centro"},"content":{"rendered":"<p><!--\np.p1 {margin: 0.0px 0.0px 0.0px 0.0px; text-align: justify; text-indent: 6.0px; line-height: 10.0px; font: 10.0px Whitman}\nspan.s1 {letter-spacing: -0.2px}\n-->En representaci\u00f3n del alcalde Evaristo Hern\u00e1ndez Cruz, esta tarde el director de Educaci\u00f3n, Cultura y Recreaci\u00f3n (DECUR) Miguel Ram\u00edrez Fr\u00edas dio el cuarto banderazo del Programa Social \u201c100 D\u00edas de Gobierno\u201d al interior de la Unidad Deportiva La Manga II, donde ratific\u00f3 el rescate de los espacios deportivos otorgando oportunidad a ni\u00f1os, j\u00f3venes y ciudadanos en general a que participen en las capacitaciones que se ofrecen de manera gratuita para salir adelante con sus familias.<\/p>\n<p>Dijo que el compromiso del presidente municipal de Centro, es robustecer la calidad de vida de los habitantes, sobre todo de sectores vulnerables y por eso se firm\u00f3 un convenio de colaboraci\u00f3n con la asociaci\u00f3n civil nacional y estatal Observatorio Ciudadano para disminuir los \u00edndices delictivos de nueve regiones de la comuna.<\/p>\n<p>Record\u00f3 que el pasado viernes 5 de octubre -el primer d\u00eda de gobierno- inici\u00f3 la jornada contra la delincuencia en nueve colonias donde se trabajar\u00e1 el programa sumando esfuerzos en Gaviotas Sur, Indeco, Atasta de Serra, y este d\u00eda en La Manga II y luego en Tamult\u00e9 de las Barrancas, Primero de Mayo, Miguel Hidalgo, Jos\u00e9 Mar\u00eda Pino Su\u00e1rez (antes Tierra Colorada) y finalmente en la colonia Centro.<\/p>\n","protected":false},"excerpt":{"rendered":"<p>En representaci\u00f3n del alcalde Evaristo Hern\u00e1ndez Cruz, esta tarde el director de Educaci\u00f3n, Cultura y Recreaci\u00f3n (DECUR) Miguel Ram\u00edrez Fr\u00edas dio el cuarto banderazo del Programa Social \u201c100 D\u00edas de Gobierno\u201d al interior de la Unidad Deportiva La Manga II, donde ratific\u00f3 el rescate de los espacios deportivos otorgando oportunidad a ni\u00f1os, j\u00f3venes y ciudadanos [&hellip;]<\/p>\n","protected":false},"author":2,"featured_media":363434,"comment_status":"closed","ping_status":"closed","sticky":false,"template":"","format":"standard","meta":{"footnotes":""},"categories":[9],"tags":[],"class_list":["post-363437","post","type-post","status-publish","format-standard","has-post-thumbnail","hentry","category-politica"],"_links":{"self":[{"href":"https:\/\/diarioavancetabasco.com\/index.php?rest_route=\/wp\/v2\/posts\/363437","targetHints":{"allow":["GET"]}}],"collection":[{"href":"https:\/\/diarioavancetabasco.com\/index.php?rest_route=\/wp\/v2\/posts"}],"about":[{"href":"https:\/\/diarioavancetabasco.com\/index.php?rest_route=\/wp\/v2\/types\/post"}],"author":[{"embeddable":true,"href":"https:\/\/diarioavancetabasco.com\/index.php?rest_route=\/wp\/v2\/users\/2"}],"replies":[{"embeddable":true,"href":"https:\/\/diarioavancetabasco.com\/index.php?rest_route=%2Fwp%2Fv2%2Fcomments&post=363437"}],"version-history":[{"count":2,"href":"https:\/\/diarioavancetabasco.com\/index.php?rest_route=\/wp\/v2\/posts\/363437\/revisions"}],"predecessor-version":[{"id":363449,"href":"https:\/\/diarioavancetabasco.com\/index.php?rest_route=\/wp\/v2\/posts\/363437\/revisions\/363449"}],"wp:featuredmedia":[{"embeddable":true,"href":"https:\/\/diarioavancetabasco.com\/index.php?rest_route=\/wp\/v2\/media\/363434"}],"wp:attachment":[{"href":"https:\/\/diarioavancetabasco.com\/index.php?rest_route=%2Fwp%2Fv2%2Fmedia&parent=363437"}],"wp:term":[{"taxonomy":"category","embeddable":true,"href":"https:\/\/diarioavancetabasco.com\/index.php?rest_route=%2Fwp%2Fv2%2Fcategories&post=363437"},{"taxonomy":"post_tag","embeddable":true,"href":"https:\/\/diarioavancetabasco.com\/index.php?rest_route=%2Fwp%2Fv2%2Ftags&post=363437"}],"curies":[{"name":"wp","href":"https:\/\/api.w.org\/{rel}","templated":true}]}}