{"id":363587,"date":"2018-10-17T22:17:24","date_gmt":"2018-10-18T03:17:24","guid":{"rendered":"http:\/\/diarioavancetabasco.com\/?p=363587"},"modified":"2018-10-17T22:17:24","modified_gmt":"2018-10-18T03:17:24","slug":"inauguran-congreso-nacional-de-pediatria-2","status":"publish","type":"post","link":"https:\/\/diarioavancetabasco.com\/?p=363587","title":{"rendered":"Inauguran Congreso  Nacional de Pediatr\u00eda"},"content":{"rendered":"<style type=\"text\/css\"><!--\np.p1 {margin: 0.0px 0.0px 0.0px 0.0px; text-align: justify; line-height: 10.0px; font: 52.0px Whitman}\np.p2 {margin: 0.0px 0.0px 0.0px 0.0px; text-align: justify; line-height: 10.0px; font: 10.0px Whitman}\np.p3 {margin: 0.0px 0.0px 0.0px 0.0px; text-align: justify; text-indent: 6.0px; line-height: 10.0px; font: 10.0px Whitman}\nspan.s1 {letter-spacing: -0.3px}\n--><\/style>\n<p>El secretario de Salud, Rommel Franz Cerna Leeder, acompa\u00f1ado de la presidenta del Consejo Ciudadano Consultivo del Sistema DIF Tabasco, Martha Lilia L\u00f3pez Aguilera, puso en marcha las actividades del VI Congreso Nacional de Pediatr\u00eda del Hospital Regional de Alta Especialidad del Ni\u00f1o Dr. Rodolfo Nieto Padr\u00f3n.<\/p>\n<p>Durante su mensaje inaugural, apunt\u00f3 que este evento que se sustenta en 36 Jornadas de Pediatr\u00eda que han se realizado en los 58 a\u00f1os de servicio del nosocomio, re\u00fane a los mejores especialistas del pa\u00eds y a destacados acad\u00e9micos internacionales, en un intercambio t\u00e9cnico con pediatras locales y de la regi\u00f3n sureste.<\/p>\n<p>Afirm\u00f3 que a lo largo de casi seis d\u00e9cadas, este centro hospitalario se ha adaptado a los retos de la transici\u00f3n epidemiol\u00f3gica, pasando de la atenci\u00f3n de enfermedades transmisibles a enfrentar un panorama caracterizado por la obesidad, la diabetes y el c\u00e1ncer infantil, que representan los nuevos desaf\u00edos en M\u00e9xico.<\/p>\n<p>Ante estos nuevos retos, en 2017 y 2018 se han puesto en marcha diversas obras y equipamiento, como la ampliaci\u00f3n y modernizaci\u00f3n de la Unidad de Cirug\u00eda Ambulatoria Pedi\u00e1trica, que ha mitigado el rezago quir\u00fargico e incrementando la productividad en esta materia, dijo el funcionario.<\/p>\n","protected":false},"excerpt":{"rendered":"<p>El secretario de Salud, Rommel Franz Cerna Leeder, acompa\u00f1ado de la presidenta del Consejo Ciudadano Consultivo del Sistema DIF Tabasco, Martha Lilia L\u00f3pez Aguilera, puso en marcha las actividades del VI Congreso Nacional de Pediatr\u00eda del Hospital Regional de Alta Especialidad del Ni\u00f1o Dr. Rodolfo Nieto Padr\u00f3n. Durante su mensaje inaugural, apunt\u00f3 que este evento [&hellip;]<\/p>\n","protected":false},"author":2,"featured_media":363588,"comment_status":"closed","ping_status":"closed","sticky":false,"template":"","format":"standard","meta":{"footnotes":""},"categories":[9],"tags":[],"class_list":["post-363587","post","type-post","status-publish","format-standard","has-post-thumbnail","hentry","category-politica"],"_links":{"self":[{"href":"https:\/\/diarioavancetabasco.com\/index.php?rest_route=\/wp\/v2\/posts\/363587","targetHints":{"allow":["GET"]}}],"collection":[{"href":"https:\/\/diarioavancetabasco.com\/index.php?rest_route=\/wp\/v2\/posts"}],"about":[{"href":"https:\/\/diarioavancetabasco.com\/index.php?rest_route=\/wp\/v2\/types\/post"}],"author":[{"embeddable":true,"href":"https:\/\/diarioavancetabasco.com\/index.php?rest_route=\/wp\/v2\/users\/2"}],"replies":[{"embeddable":true,"href":"https:\/\/diarioavancetabasco.com\/index.php?rest_route=%2Fwp%2Fv2%2Fcomments&post=363587"}],"version-history":[{"count":1,"href":"https:\/\/diarioavancetabasco.com\/index.php?rest_route=\/wp\/v2\/posts\/363587\/revisions"}],"predecessor-version":[{"id":363590,"href":"https:\/\/diarioavancetabasco.com\/index.php?rest_route=\/wp\/v2\/posts\/363587\/revisions\/363590"}],"wp:featuredmedia":[{"embeddable":true,"href":"https:\/\/diarioavancetabasco.com\/index.php?rest_route=\/wp\/v2\/media\/363588"}],"wp:attachment":[{"href":"https:\/\/diarioavancetabasco.com\/index.php?rest_route=%2Fwp%2Fv2%2Fmedia&parent=363587"}],"wp:term":[{"taxonomy":"category","embeddable":true,"href":"https:\/\/diarioavancetabasco.com\/index.php?rest_route=%2Fwp%2Fv2%2Fcategories&post=363587"},{"taxonomy":"post_tag","embeddable":true,"href":"https:\/\/diarioavancetabasco.com\/index.php?rest_route=%2Fwp%2Fv2%2Ftags&post=363587"}],"curies":[{"name":"wp","href":"https:\/\/api.w.org\/{rel}","templated":true}]}}