{"id":363802,"date":"2018-10-22T00:29:46","date_gmt":"2018-10-22T05:29:46","guid":{"rendered":"http:\/\/diarioavancetabasco.com\/?p=363802"},"modified":"2018-10-22T00:29:48","modified_gmt":"2018-10-22T05:29:48","slug":"amenazan-choferes-con-cerrar-el-centro","status":"publish","type":"post","link":"https:\/\/diarioavancetabasco.com\/?p=363802","title":{"rendered":"Amenazan choferes con cerrar el centro"},"content":{"rendered":"<p><!--\np.p1 {margin: 0.0px 0.0px 0.0px 0.0px; text-align: justify; line-height: 10.0px; font: 52.0px Whitman}\np.p2 {margin: 0.0px 0.0px 0.0px 0.0px; text-align: justify; line-height: 10.0px; font: 10.0px Whitman}\np.p3 {margin: 0.0px 0.0px 0.0px 0.0px; text-align: justify; text-indent: 6.0px; line-height: 10.0px; font: 10.0px Whitman}\nspan.s1 {letter-spacing: -0.1px}\n-->C\u00c1RDENAS, TAB.- Extraoficialmente se ha sabido que para este lunes se tiene prevista una manifestaci\u00f3n de choferes de combis del servicio p\u00fablico, esto ra\u00edz de las ordenes emitidas por el Director de la Polic\u00eda Vial, Iv\u00e1n Pe\u00f1a Vidal, en el sentido de retirar de las unidades del servicio p\u00fabico (combis), los equipos de sonido, paleros\u00a0 y gritones de las paradas.<\/p>\n<p>Los comentarios entre choferes de las distintas Cooperativas del Transporte Urbano, se corre el rumor de que este lunes 22 de octubre, se llevar\u00e1 a cabo un paro de transporte urbano en el centro de la ciudad. Esto es informaci\u00f3n extraoficial, al platicar con choferes de combis, de quienes omitimos sus nombres por razones obvias.<\/p>\n<p>No as\u00ed los socios de combis quienes dijeron desconocer este movimiento.<\/p>\n","protected":false},"excerpt":{"rendered":"<p>C\u00c1RDENAS, TAB.- Extraoficialmente se ha sabido que para este lunes se tiene prevista una manifestaci\u00f3n de choferes de combis del servicio p\u00fablico, esto ra\u00edz de las ordenes emitidas por el Director de la Polic\u00eda Vial, Iv\u00e1n Pe\u00f1a Vidal, en el sentido de retirar de las unidades del servicio p\u00fabico (combis), los equipos de sonido, paleros\u00a0 [&hellip;]<\/p>\n","protected":false},"author":2,"featured_media":363788,"comment_status":"closed","ping_status":"closed","sticky":false,"template":"","format":"standard","meta":{"footnotes":""},"categories":[12],"tags":[],"class_list":["post-363802","post","type-post","status-publish","format-standard","has-post-thumbnail","hentry","category-municipios"],"_links":{"self":[{"href":"https:\/\/diarioavancetabasco.com\/index.php?rest_route=\/wp\/v2\/posts\/363802","targetHints":{"allow":["GET"]}}],"collection":[{"href":"https:\/\/diarioavancetabasco.com\/index.php?rest_route=\/wp\/v2\/posts"}],"about":[{"href":"https:\/\/diarioavancetabasco.com\/index.php?rest_route=\/wp\/v2\/types\/post"}],"author":[{"embeddable":true,"href":"https:\/\/diarioavancetabasco.com\/index.php?rest_route=\/wp\/v2\/users\/2"}],"replies":[{"embeddable":true,"href":"https:\/\/diarioavancetabasco.com\/index.php?rest_route=%2Fwp%2Fv2%2Fcomments&post=363802"}],"version-history":[{"count":2,"href":"https:\/\/diarioavancetabasco.com\/index.php?rest_route=\/wp\/v2\/posts\/363802\/revisions"}],"predecessor-version":[{"id":363823,"href":"https:\/\/diarioavancetabasco.com\/index.php?rest_route=\/wp\/v2\/posts\/363802\/revisions\/363823"}],"wp:featuredmedia":[{"embeddable":true,"href":"https:\/\/diarioavancetabasco.com\/index.php?rest_route=\/wp\/v2\/media\/363788"}],"wp:attachment":[{"href":"https:\/\/diarioavancetabasco.com\/index.php?rest_route=%2Fwp%2Fv2%2Fmedia&parent=363802"}],"wp:term":[{"taxonomy":"category","embeddable":true,"href":"https:\/\/diarioavancetabasco.com\/index.php?rest_route=%2Fwp%2Fv2%2Fcategories&post=363802"},{"taxonomy":"post_tag","embeddable":true,"href":"https:\/\/diarioavancetabasco.com\/index.php?rest_route=%2Fwp%2Fv2%2Ftags&post=363802"}],"curies":[{"name":"wp","href":"https:\/\/api.w.org\/{rel}","templated":true}]}}