{"id":363849,"date":"2018-10-23T00:34:42","date_gmt":"2018-10-23T05:34:42","guid":{"rendered":"http:\/\/diarioavancetabasco.com\/?p=363849"},"modified":"2018-10-23T00:34:43","modified_gmt":"2018-10-23T05:34:43","slug":"caravana-migrante-fuera-del-orden-legal","status":"publish","type":"post","link":"https:\/\/diarioavancetabasco.com\/?p=363849","title":{"rendered":"Caravana migrante,  fuera del orden legal"},"content":{"rendered":"<p><!--\np.p1 {margin: 0.0px 0.0px 0.0px 0.0px; text-align: justify; line-height: 10.0px; font: 52.0px Whitman}\np.p2 {margin: 0.0px 0.0px 0.0px 0.0px; text-align: justify; line-height: 10.0px; font: 10.0px Whitman}\np.p3 {margin: 0.0px 0.0px 0.0px 0.0px; text-align: justify; text-indent: 6.0px; line-height: 10.0px; font: 10.0px Whitman}\nspan.s1 {letter-spacing: -0.2px}\nspan.s2 {letter-spacing: -0.1px}\n-->El presidente Enrique Pe\u00f1a Nieto llam\u00f3 a los integrantes de la caravana de migrantes -que parti\u00f3 de Honduras y se mantiene en Chiapas- a realizar un ingreso legal a M\u00e9xico pues de lo contrario, advirti\u00f3, dif\u00edcilmente cumplir\u00e1 su objetivo de llegar a los Estados Unidos.<\/p>\n<p>Al participar en la 16 edici\u00f3n de \u201cM\u00e9xico, Cumbre de Negocios\u201d, el mandatario record\u00f3 que el viernes pasado la caravana de migrantes irrumpi\u00f3 en la frontera sur del pa\u00eds en su camino rumbo a Estados Unidos.<\/p>\n<p>\u201cEl gobierno de M\u00e9xico, en apego estricto a su derechos y en apego estricto a lo que mandata nuestra Constituci\u00f3n y las leyes en materia migratoria establecimos los mecanismos para buscar una migraci\u00f3n ordenada y apegada a derecho\u201d.<\/p>\n<p>\u201cLa forma abrupta en que se present\u00f3 esta entrada por nuestra frontera sur ha llevado a que en este momento haya habido gente, integrantes de esta caravana, que haya atendido la recomendaci\u00f3n del gobierno de M\u00e9xico para iniciar los procesos o la solicitud de refugio y poder tener una condici\u00f3n de migrante ordenada y legal\u201d, indic\u00f3.<\/p>\n<p>Reforz\u00f3: \u201cpara quienes han optado por mantener esta caravana fuera del orden legal, hago un llamado respetuoso para que tengan claro que de mantenerse en esta actitud dif\u00edcilmente podr\u00e1n lograr su objetivo, sea de ingreso a los Estados Unidos o de permanencia en M\u00e9xico\u201d.<\/p>\n<p>El presidente Pe\u00f1a Nieto esgrimi\u00f3 que solamente al amparo de una migraci\u00f3n y de un tratamiento legal al ingresar a territorio mexicano \u00a0es como los migrantes \u201cpodr\u00e1n tener eventualmente acceso a este derecho que nuestra Constituci\u00f3n consagra\u201d.<\/p>\n","protected":false},"excerpt":{"rendered":"<p>El presidente Enrique Pe\u00f1a Nieto llam\u00f3 a los integrantes de la caravana de migrantes -que parti\u00f3 de Honduras y se mantiene en Chiapas- a realizar un ingreso legal a M\u00e9xico pues de lo contrario, advirti\u00f3, dif\u00edcilmente cumplir\u00e1 su objetivo de llegar a los Estados Unidos. Al participar en la 16 edici\u00f3n de \u201cM\u00e9xico, Cumbre de [&hellip;]<\/p>\n","protected":false},"author":2,"featured_media":363847,"comment_status":"closed","ping_status":"closed","sticky":false,"template":"","format":"standard","meta":{"footnotes":""},"categories":[3],"tags":[],"class_list":["post-363849","post","type-post","status-publish","format-standard","has-post-thumbnail","hentry","category-nacional"],"_links":{"self":[{"href":"https:\/\/diarioavancetabasco.com\/index.php?rest_route=\/wp\/v2\/posts\/363849","targetHints":{"allow":["GET"]}}],"collection":[{"href":"https:\/\/diarioavancetabasco.com\/index.php?rest_route=\/wp\/v2\/posts"}],"about":[{"href":"https:\/\/diarioavancetabasco.com\/index.php?rest_route=\/wp\/v2\/types\/post"}],"author":[{"embeddable":true,"href":"https:\/\/diarioavancetabasco.com\/index.php?rest_route=\/wp\/v2\/users\/2"}],"replies":[{"embeddable":true,"href":"https:\/\/diarioavancetabasco.com\/index.php?rest_route=%2Fwp%2Fv2%2Fcomments&post=363849"}],"version-history":[{"count":2,"href":"https:\/\/diarioavancetabasco.com\/index.php?rest_route=\/wp\/v2\/posts\/363849\/revisions"}],"predecessor-version":[{"id":363890,"href":"https:\/\/diarioavancetabasco.com\/index.php?rest_route=\/wp\/v2\/posts\/363849\/revisions\/363890"}],"wp:featuredmedia":[{"embeddable":true,"href":"https:\/\/diarioavancetabasco.com\/index.php?rest_route=\/wp\/v2\/media\/363847"}],"wp:attachment":[{"href":"https:\/\/diarioavancetabasco.com\/index.php?rest_route=%2Fwp%2Fv2%2Fmedia&parent=363849"}],"wp:term":[{"taxonomy":"category","embeddable":true,"href":"https:\/\/diarioavancetabasco.com\/index.php?rest_route=%2Fwp%2Fv2%2Fcategories&post=363849"},{"taxonomy":"post_tag","embeddable":true,"href":"https:\/\/diarioavancetabasco.com\/index.php?rest_route=%2Fwp%2Fv2%2Ftags&post=363849"}],"curies":[{"name":"wp","href":"https:\/\/api.w.org\/{rel}","templated":true}]}}