{"id":363860,"date":"2018-10-23T00:39:26","date_gmt":"2018-10-23T05:39:26","guid":{"rendered":"http:\/\/diarioavancetabasco.com\/?p=363860"},"modified":"2018-10-23T00:39:28","modified_gmt":"2018-10-23T05:39:28","slug":"reactivara-tabasco-su-economia-may","status":"publish","type":"post","link":"https:\/\/diarioavancetabasco.com\/?p=363860","title":{"rendered":"Reactivar\u00e1 Tabasco su econom\u00eda: May"},"content":{"rendered":"<p><!--\np.p1 {margin: 0.0px 0.0px 0.0px 0.0px; text-align: justify; line-height: 10.0px; font: 10.0px Whitman}\np.p2 {margin: 0.0px 0.0px 0.0px 0.0px; text-align: justify; text-indent: 6.0px; line-height: 10.0px; font: 10.0px Whitman}\nspan.s1 {letter-spacing: -0.1px}\n-->Es tiempos que Tabaco recupere su econom\u00eda, asegur\u00f3 Javier May, actual \u00a0senador \u201cEs \u00a0la oportunidad que tenemos para reactivar la econom\u00eda, en Tabasco se van a \u00a0generar 60 mil empleos permanentes, una derrama econ\u00f3mica de manera mensual de 300 millones de pesos para el pago de productores\u201d.<\/p>\n<p>Expuso que para alcanzar la cantidad de plantas que se requieren, por eso se contar\u00e1 con el apoyo de los viveros de Tabasco.<\/p>\n<p>\u201cEl reto es que en dos a\u00f1os se alcance la meta de un mill\u00f3n de hect\u00e1reas, \u00a0vamos a requerir de mil 100 millones de plantas en dos a\u00f1os, no hay quien produzca esa cantidad en el tiempo que estamos planteando pero s\u00e9 que los presidentes municipales tienen viveros, que puedan contribuir; platicaba en la ma\u00f1ana con el gobernador electo y los viveros del estado tienen capacidad para producir seis millones de plantas que est\u00e1n a la dispocisi\u00f3n del proyecto, y te tomamos la palabra porque queremos empezar el primero de diciembre\u201d.<\/p>\n<p>A\u00f1adi\u00f3 que el reclutamiento se iniciar\u00e1\u00a0el 15 de noviembre; ahora est\u00e1n en la evaluaci\u00f3n de los t\u00e9cnicos productivos y sociales, se iniciara en Comalcalco y Teapa.<\/p>\n<p>El 15 de noviembre\u00a0iniciaran con el levantamiento del padr\u00f3n. Remarc\u00f3 que ser\u00e1 de manera voluntaria integrarse, pues \u00a0afirm\u00f3 que quien no trabaje no tendr\u00e1 pago.<\/p>\n<p>Aclar\u00f3 que no es un programa asistencialista, ya que est\u00e1 incluir\u00e1 a la actividad productiva; adem\u00e1s de que se tendr\u00e1 una auditor\u00eda permanente.<\/p>\n","protected":false},"excerpt":{"rendered":"<p>Es tiempos que Tabaco recupere su econom\u00eda, asegur\u00f3 Javier May, actual \u00a0senador \u201cEs \u00a0la oportunidad que tenemos para reactivar la econom\u00eda, en Tabasco se van a \u00a0generar 60 mil empleos permanentes, una derrama econ\u00f3mica de manera mensual de 300 millones de pesos para el pago de productores\u201d. Expuso que para alcanzar la cantidad de plantas [&hellip;]<\/p>\n","protected":false},"author":2,"featured_media":363834,"comment_status":"closed","ping_status":"closed","sticky":false,"template":"","format":"standard","meta":{"footnotes":""},"categories":[9],"tags":[],"class_list":["post-363860","post","type-post","status-publish","format-standard","has-post-thumbnail","hentry","category-politica"],"_links":{"self":[{"href":"https:\/\/diarioavancetabasco.com\/index.php?rest_route=\/wp\/v2\/posts\/363860","targetHints":{"allow":["GET"]}}],"collection":[{"href":"https:\/\/diarioavancetabasco.com\/index.php?rest_route=\/wp\/v2\/posts"}],"about":[{"href":"https:\/\/diarioavancetabasco.com\/index.php?rest_route=\/wp\/v2\/types\/post"}],"author":[{"embeddable":true,"href":"https:\/\/diarioavancetabasco.com\/index.php?rest_route=\/wp\/v2\/users\/2"}],"replies":[{"embeddable":true,"href":"https:\/\/diarioavancetabasco.com\/index.php?rest_route=%2Fwp%2Fv2%2Fcomments&post=363860"}],"version-history":[{"count":2,"href":"https:\/\/diarioavancetabasco.com\/index.php?rest_route=\/wp\/v2\/posts\/363860\/revisions"}],"predecessor-version":[{"id":363894,"href":"https:\/\/diarioavancetabasco.com\/index.php?rest_route=\/wp\/v2\/posts\/363860\/revisions\/363894"}],"wp:featuredmedia":[{"embeddable":true,"href":"https:\/\/diarioavancetabasco.com\/index.php?rest_route=\/wp\/v2\/media\/363834"}],"wp:attachment":[{"href":"https:\/\/diarioavancetabasco.com\/index.php?rest_route=%2Fwp%2Fv2%2Fmedia&parent=363860"}],"wp:term":[{"taxonomy":"category","embeddable":true,"href":"https:\/\/diarioavancetabasco.com\/index.php?rest_route=%2Fwp%2Fv2%2Fcategories&post=363860"},{"taxonomy":"post_tag","embeddable":true,"href":"https:\/\/diarioavancetabasco.com\/index.php?rest_route=%2Fwp%2Fv2%2Ftags&post=363860"}],"curies":[{"name":"wp","href":"https:\/\/api.w.org\/{rel}","templated":true}]}}