{"id":363986,"date":"2018-10-25T00:41:22","date_gmt":"2018-10-25T05:41:22","guid":{"rendered":"http:\/\/diarioavancetabasco.com\/?p=363986"},"modified":"2018-10-25T00:41:27","modified_gmt":"2018-10-25T05:41:27","slug":"comprometido-con-la-educacion","status":"publish","type":"post","link":"https:\/\/diarioavancetabasco.com\/?p=363986","title":{"rendered":"Comprometido con la educaci\u00f3n"},"content":{"rendered":"<p><!--\np.p1 {margin: 0.0px 0.0px 0.0px 0.0px; line-height: 10.0px; font: 52.0px Whitman}\np.p2 {margin: 0.0px 0.0px 0.0px 0.0px; line-height: 10.0px; font: 9.5px Whitman}\nspan.s1 {letter-spacing: -0.2px}\nspan.s2 {letter-spacing: -0.3px}\n-->Felipa Nery<\/p>\n<p>La ma\u00f1ana de ayer qued\u00f3 inmortalizado el nombre del soci\u00f3logo L\u00e1cides Garc\u00eda Detjen, en el aula 9 del edificio B, de la tercera planta, de la Divisi\u00f3n Acad\u00e9mica de Ciencias Sociales y Humanidades de la Universidad Ju\u00e1rez Aut\u00f3noma de Tabasco, donde \u00e9l fue uno de los profesores que inici\u00f3 la formaci\u00f3n de la primera generaci\u00f3n de soci\u00f3logos tabasque\u00f1os. Si bien \u00e9l no imparti\u00f3 c\u00e1tedra en este edificio que es muy reciente, se inaugur\u00f3 para la celebraci\u00f3n del bicentenario, bajo el rectorado de la maestra Candita Gil Jim\u00e9nez, en diciembre del a\u00f1o 2010, s\u00ed lo hizo en esta divisi\u00f3n acad\u00e9mica, cuando sus instalaciones estaban ubicadas en la calle Centenario Instituto Ju\u00e1rez, atr\u00e1s de la Secretar\u00eda de Finanzas. En este evento, el doctor Fernando Rabaelo Hartman, director de la DACSyH, devel\u00f3 la placa con el nombre del homenajeado, acompa\u00f1ado de su viuda, la maestra Yolanda Osuna Huerta, as\u00ed como del rector de la Universidad Olmeca, Emilio de Ygart\u00faa y Monteverde, la ex rectora, Candita Gil; el presidente del Consejo de Administraci\u00f3n de la Universidad Olmeca, don David Gustavo Guti\u00e9rrez Ruiz, sus amigos, Alfredo Cobo Gonz\u00e1lez, Luis Garc\u00eda, Miguel \u00c1ngel Ruiz Macdonel, el doctor Alfredo Islas Col\u00edn, Gerardo Bravata Pintado, el maestro Jos\u00e9 Leopoldo Calder\u00f3n, Mirian Magdalena Celorio, Jos\u00e9 Ruiz Forcelledo y Am\u00e9rica del Carmen P\u00e9rez. Correspondi\u00f3 al coordinador de posgrado de la DACSyH, el doctor en sociolog\u00eda, Juan Carlos Guzm\u00e1n R\u00edos, hacer una remembranza de la vida y obra de este intelectual que lleg\u00f3 muy joven de tierras colombianas, para estudiar en la Universidad Nacional Aut\u00f3noma de M\u00e9xico, donde conoci\u00f3 a algunos tabasque\u00f1os como Bartolo Jim\u00e9nez M\u00e9ndez e Isidoro Pedrero Totosaus, quienes lo invitaron a venir a estas tierras, de las que se enamor\u00f3 y se qued\u00f3 para siempre, donde sembr\u00f3 muchas amistades e impuls\u00f3 la educaci\u00f3n superior, como \u00fanica v\u00eda para alcanzar un mejor desarrollo; record\u00f3, que el homenajeado se desempe\u00f1\u00f3 como jefe del departamento de investigaci\u00f3n cient\u00edfica de la Secretar\u00eda de Educaci\u00f3n y Cultura, asesor editorial del diario Avance, fue profesor de esta divisi\u00f3n y de la Divisi\u00f3n Acad\u00e9mica de Educaci\u00f3n y Artes; imparti\u00f3 clases a la primera generaci\u00f3n de estudiantes de Sociolog\u00eda y despu\u00e9s pas\u00f3 a formar parte de la plantilla de acad\u00e9micos de la Divisi\u00f3n de Educaci\u00f3n y Artes, fue rector de la Universidad Olmeca, cargo que ocupaba al fallecer en 2015; fue licenciado en sociolog\u00eda, maestro en ciencias pol\u00edticas, doctor en sociolog\u00eda y era un apasionado de la cultura, del impulso a la educaci\u00f3n y preparaci\u00f3n de los j\u00f3venes; fue el iniciador de las p\u00e1ginas culturales en los peri\u00f3dicos locales, en el Diario Avance, donde se public\u00f3 todos los domingos, durante muchos a\u00f1os, una secci\u00f3n cultural que estaba a su cargo y en la que tambi\u00e9n participaban otros intelectuales tabasque\u00f1os, se cas\u00f3 con la maestra Yolanda Osuna Huerta, con quien tuvo un hijo, Leonardo, quien tambi\u00e9n ya tiene un reto\u00f1o, que es el vivo retrato de su abuelo L\u00e1cides Garc\u00eda, quien un d\u00eda lleg\u00f3 a Tabasco para quedarse, aqu\u00ed ech\u00f3 ra\u00edces, fue un hombre adem\u00e1s de culto e impulsor de la educaci\u00f3n, que s\u00f3lo supo hacer amigos, quienes lo recordaremos siempre con cari\u00f1o.<\/p>\n","protected":false},"excerpt":{"rendered":"<p>Felipa Nery La ma\u00f1ana de ayer qued\u00f3 inmortalizado el nombre del soci\u00f3logo L\u00e1cides Garc\u00eda Detjen, en el aula 9 del edificio B, de la tercera planta, de la Divisi\u00f3n Acad\u00e9mica de Ciencias Sociales y Humanidades de la Universidad Ju\u00e1rez Aut\u00f3noma de Tabasco, donde \u00e9l fue uno de los profesores que inici\u00f3 la formaci\u00f3n de la [&hellip;]<\/p>\n","protected":false},"author":2,"featured_media":363829,"comment_status":"closed","ping_status":"closed","sticky":false,"template":"","format":"standard","meta":{"footnotes":""},"categories":[9],"tags":[],"class_list":["post-363986","post","type-post","status-publish","format-standard","has-post-thumbnail","hentry","category-politica"],"_links":{"self":[{"href":"https:\/\/diarioavancetabasco.com\/index.php?rest_route=\/wp\/v2\/posts\/363986","targetHints":{"allow":["GET"]}}],"collection":[{"href":"https:\/\/diarioavancetabasco.com\/index.php?rest_route=\/wp\/v2\/posts"}],"about":[{"href":"https:\/\/diarioavancetabasco.com\/index.php?rest_route=\/wp\/v2\/types\/post"}],"author":[{"embeddable":true,"href":"https:\/\/diarioavancetabasco.com\/index.php?rest_route=\/wp\/v2\/users\/2"}],"replies":[{"embeddable":true,"href":"https:\/\/diarioavancetabasco.com\/index.php?rest_route=%2Fwp%2Fv2%2Fcomments&post=363986"}],"version-history":[{"count":2,"href":"https:\/\/diarioavancetabasco.com\/index.php?rest_route=\/wp\/v2\/posts\/363986\/revisions"}],"predecessor-version":[{"id":364050,"href":"https:\/\/diarioavancetabasco.com\/index.php?rest_route=\/wp\/v2\/posts\/363986\/revisions\/364050"}],"wp:featuredmedia":[{"embeddable":true,"href":"https:\/\/diarioavancetabasco.com\/index.php?rest_route=\/wp\/v2\/media\/363829"}],"wp:attachment":[{"href":"https:\/\/diarioavancetabasco.com\/index.php?rest_route=%2Fwp%2Fv2%2Fmedia&parent=363986"}],"wp:term":[{"taxonomy":"category","embeddable":true,"href":"https:\/\/diarioavancetabasco.com\/index.php?rest_route=%2Fwp%2Fv2%2Fcategories&post=363986"},{"taxonomy":"post_tag","embeddable":true,"href":"https:\/\/diarioavancetabasco.com\/index.php?rest_route=%2Fwp%2Fv2%2Ftags&post=363986"}],"curies":[{"name":"wp","href":"https:\/\/api.w.org\/{rel}","templated":true}]}}