{"id":364008,"date":"2018-10-25T00:40:58","date_gmt":"2018-10-25T05:40:58","guid":{"rendered":"http:\/\/diarioavancetabasco.com\/?p=364008"},"modified":"2018-10-25T00:41:10","modified_gmt":"2018-10-25T05:41:10","slug":"pedi-investigar-a-generales-para-definir-a-secretarios","status":"publish","type":"post","link":"https:\/\/diarioavancetabasco.com\/?p=364008","title":{"rendered":"Ped\u00ed investigar a generales  para definir a secretarios"},"content":{"rendered":"<p><!--\np.p1 {margin: 0.0px 0.0px 0.0px 0.0px; text-align: justify; line-height: 10.0px; font: 52.0px Whitman}\np.p2 {margin: 0.0px 0.0px 0.0px 0.0px; text-align: justify; line-height: 10.0px; font: 10.0px Whitman}\np.p3 {margin: 0.0px 0.0px 0.0px 0.0px; text-align: justify; text-indent: 6.0px; line-height: 10.0px; font: 10.0px Whitman}\nspan.s1 {letter-spacing: -0.2px}\n-->El presidente electo, Andr\u00e9s Manuel L\u00f3pez Obrador, pidi\u00f3 una investigaci\u00f3n a todos los generales y almirantes para decidir a los futuros secretarios de las Fuerzas Armadas.<\/p>\n<p>Al presentar los resultados de la Consulta para la Pacificaci\u00f3n y la Reconciliaci\u00f3n Nacional, el presidente electo confes\u00f3 que antes de decidir por Luis Crecencio Sandoval como pr\u00f3ximo secretario de la Defensa Nacional y de Jos\u00e9 Rafael Ojeda como futuro titular de Marina, pidi\u00f3 una indagatoria a la Comisi\u00f3n Nacional de los Derechos Humanos (CNDH) del comportamiento de los generales.<\/p>\n<p>\u201cConfieso que antes de decidir qui\u00e9n iba a ser el secretario de Defensa y de Marina ped\u00ed una investigaci\u00f3n, muchas indagatorias, a la CNDH y cuando recib\u00ed la informaci\u00f3n del comportamiento de todos los generales en activo y almirante ya decid\u00ed quien iba a ser\u201d, expuso.<\/p>\n<p>Adelant\u00f3 que en todos los casos actuar\u00e1 de la misma manera, es decir realizar\u00e1 investigaciones a los futuros funcionarios que vaya a nombrar.<\/p>\n","protected":false},"excerpt":{"rendered":"<p>El presidente electo, Andr\u00e9s Manuel L\u00f3pez Obrador, pidi\u00f3 una investigaci\u00f3n a todos los generales y almirantes para decidir a los futuros secretarios de las Fuerzas Armadas. Al presentar los resultados de la Consulta para la Pacificaci\u00f3n y la Reconciliaci\u00f3n Nacional, el presidente electo confes\u00f3 que antes de decidir por Luis Crecencio Sandoval como pr\u00f3ximo secretario [&hellip;]<\/p>\n","protected":false},"author":2,"featured_media":364002,"comment_status":"closed","ping_status":"closed","sticky":false,"template":"","format":"standard","meta":{"footnotes":""},"categories":[3],"tags":[],"class_list":["post-364008","post","type-post","status-publish","format-standard","has-post-thumbnail","hentry","category-nacional"],"_links":{"self":[{"href":"https:\/\/diarioavancetabasco.com\/index.php?rest_route=\/wp\/v2\/posts\/364008","targetHints":{"allow":["GET"]}}],"collection":[{"href":"https:\/\/diarioavancetabasco.com\/index.php?rest_route=\/wp\/v2\/posts"}],"about":[{"href":"https:\/\/diarioavancetabasco.com\/index.php?rest_route=\/wp\/v2\/types\/post"}],"author":[{"embeddable":true,"href":"https:\/\/diarioavancetabasco.com\/index.php?rest_route=\/wp\/v2\/users\/2"}],"replies":[{"embeddable":true,"href":"https:\/\/diarioavancetabasco.com\/index.php?rest_route=%2Fwp%2Fv2%2Fcomments&post=364008"}],"version-history":[{"count":2,"href":"https:\/\/diarioavancetabasco.com\/index.php?rest_route=\/wp\/v2\/posts\/364008\/revisions"}],"predecessor-version":[{"id":364049,"href":"https:\/\/diarioavancetabasco.com\/index.php?rest_route=\/wp\/v2\/posts\/364008\/revisions\/364049"}],"wp:featuredmedia":[{"embeddable":true,"href":"https:\/\/diarioavancetabasco.com\/index.php?rest_route=\/wp\/v2\/media\/364002"}],"wp:attachment":[{"href":"https:\/\/diarioavancetabasco.com\/index.php?rest_route=%2Fwp%2Fv2%2Fmedia&parent=364008"}],"wp:term":[{"taxonomy":"category","embeddable":true,"href":"https:\/\/diarioavancetabasco.com\/index.php?rest_route=%2Fwp%2Fv2%2Fcategories&post=364008"},{"taxonomy":"post_tag","embeddable":true,"href":"https:\/\/diarioavancetabasco.com\/index.php?rest_route=%2Fwp%2Fv2%2Ftags&post=364008"}],"curies":[{"name":"wp","href":"https:\/\/api.w.org\/{rel}","templated":true}]}}