{"id":364022,"date":"2018-10-25T00:48:52","date_gmt":"2018-10-25T05:48:52","guid":{"rendered":"http:\/\/diarioavancetabasco.com\/?p=364022"},"modified":"2018-10-25T00:48:53","modified_gmt":"2018-10-25T05:48:53","slug":"aplican-cursos-intensivos-de-primeros-auxilios-en-escuelas","status":"publish","type":"post","link":"https:\/\/diarioavancetabasco.com\/?p=364022","title":{"rendered":"Aplican cursos intensivos de  primeros auxilios en escuelas"},"content":{"rendered":"<p><!--\np.p1 {margin: 0.0px 0.0px 0.0px 0.0px; text-align: justify; line-height: 10.0px; font: 52.0px Whitman}\np.p2 {margin: 0.0px 0.0px 0.0px 0.0px; text-align: justify; line-height: 10.0px; font: 10.0px Whitman}\np.p3 {margin: 0.0px 0.0px 0.0px 0.0px; text-align: justify; text-indent: 6.0px; line-height: 10.0px; font: 10.0px Whitman}\nspan.s1 {letter-spacing: -0.3px}\n-->C\u00c1RDENAS, TAB.- Para fomentar la aplicaci\u00f3n correcta de los primeros auxilios y el correcto manejo del uso de extintores durante un incendio, la coordinaci\u00f3n de Protecci\u00f3n Civil, realiza cursos intensivos en escuelas de diferentes niveles educativos, para estar preparados en casos de emergencia.<\/p>\n<p>Encabezados por su titular, Casimiro Gamas Zamudio, los elementos de la corporaci\u00f3n de reacci\u00f3n, y prevenci\u00f3n, dieron las indicaciones precisas a los alumnos de preparatoria del CBTIS 93, quienes recibieron la muestra te\u00f3rica y pr\u00e1ctica de los usos correctos de extinguidores y aplicaci\u00f3n de los primeros auxilios.<\/p>\n<p>En este sentido, el coordinador Municipal Casimiro Gamas Zamudio, refiri\u00f3 que las escuelas que solicitan este apoyo, son visitadas por su \u00e1rea, \u201cen esta oportunidad el CBTIS 93, recibi\u00f3 las medidas de precauci\u00f3n y auxilio adem\u00e1s de las recomendaciones en caso de desastres naturales\u201d auspicio.<\/p>\n","protected":false},"excerpt":{"rendered":"<p>C\u00c1RDENAS, TAB.- Para fomentar la aplicaci\u00f3n correcta de los primeros auxilios y el correcto manejo del uso de extintores durante un incendio, la coordinaci\u00f3n de Protecci\u00f3n Civil, realiza cursos intensivos en escuelas de diferentes niveles educativos, para estar preparados en casos de emergencia. Encabezados por su titular, Casimiro Gamas Zamudio, los elementos de la corporaci\u00f3n [&hellip;]<\/p>\n","protected":false},"author":2,"featured_media":363998,"comment_status":"closed","ping_status":"closed","sticky":false,"template":"","format":"standard","meta":{"footnotes":""},"categories":[12],"tags":[],"class_list":["post-364022","post","type-post","status-publish","format-standard","has-post-thumbnail","hentry","category-municipios"],"_links":{"self":[{"href":"https:\/\/diarioavancetabasco.com\/index.php?rest_route=\/wp\/v2\/posts\/364022","targetHints":{"allow":["GET"]}}],"collection":[{"href":"https:\/\/diarioavancetabasco.com\/index.php?rest_route=\/wp\/v2\/posts"}],"about":[{"href":"https:\/\/diarioavancetabasco.com\/index.php?rest_route=\/wp\/v2\/types\/post"}],"author":[{"embeddable":true,"href":"https:\/\/diarioavancetabasco.com\/index.php?rest_route=\/wp\/v2\/users\/2"}],"replies":[{"embeddable":true,"href":"https:\/\/diarioavancetabasco.com\/index.php?rest_route=%2Fwp%2Fv2%2Fcomments&post=364022"}],"version-history":[{"count":2,"href":"https:\/\/diarioavancetabasco.com\/index.php?rest_route=\/wp\/v2\/posts\/364022\/revisions"}],"predecessor-version":[{"id":364057,"href":"https:\/\/diarioavancetabasco.com\/index.php?rest_route=\/wp\/v2\/posts\/364022\/revisions\/364057"}],"wp:featuredmedia":[{"embeddable":true,"href":"https:\/\/diarioavancetabasco.com\/index.php?rest_route=\/wp\/v2\/media\/363998"}],"wp:attachment":[{"href":"https:\/\/diarioavancetabasco.com\/index.php?rest_route=%2Fwp%2Fv2%2Fmedia&parent=364022"}],"wp:term":[{"taxonomy":"category","embeddable":true,"href":"https:\/\/diarioavancetabasco.com\/index.php?rest_route=%2Fwp%2Fv2%2Fcategories&post=364022"},{"taxonomy":"post_tag","embeddable":true,"href":"https:\/\/diarioavancetabasco.com\/index.php?rest_route=%2Fwp%2Fv2%2Ftags&post=364022"}],"curies":[{"name":"wp","href":"https:\/\/api.w.org\/{rel}","templated":true}]}}