{"id":364109,"date":"2018-10-26T00:42:58","date_gmt":"2018-10-26T05:42:58","guid":{"rendered":"http:\/\/diarioavancetabasco.com\/?p=364109"},"modified":"2018-10-26T00:43:30","modified_gmt":"2018-10-26T05:43:30","slug":"entrampado-caso-del-tapon-en-santa-rita","status":"publish","type":"post","link":"https:\/\/diarioavancetabasco.com\/?p=364109","title":{"rendered":"Entrampado caso del tap\u00f3n en \u201cSanta Rita\u201d"},"content":{"rendered":"<p><!--\np.p1 {margin: 0.0px 0.0px 0.0px 0.0px; text-align: justify; line-height: 10.0px; font: 52.0px Whitman}\np.p2 {margin: 0.0px 0.0px 0.0px 0.0px; text-align: justify; line-height: 10.0px; font: 10.0px Whitman}\np.p3 {margin: 0.0px 0.0px 0.0px 0.0px; text-align: justify; text-indent: 6.0px; line-height: 10.0px; font: 10.0px Whitman}\n-->C\u00c1RDENAS, TAB.- El problema del \u201ctap\u00f3n\u201d en Santa Rita no est\u00e1 solucionado pero tampoco hay apat\u00eda del gobierno municipal que encabeza Armando Beltr\u00e1n Tenorio pues lo primordial es garantizarle lo m\u00ednimo en riesgo a la poblaci\u00f3n, cuando las lluvias sean m\u00e1s intensas, reconoci\u00f3 el Coordinador de protecci\u00f3n Civil, Casimiro Gamas Zamudio.<\/p>\n<p>Coment\u00f3 que los propietarios de ese terreno tienen una idea err\u00f3nea en el sentido de que consideran que la administraci\u00f3n cuenta con dinero suficiente para cuando ellos lo requieran y eso no es as\u00ed, \u201ces de todos conocida la serie de problemas financieros con que se recibi\u00f3 el ayuntamiento\u201d. Agreg\u00f3 que la propia ciudadan\u00eda ya se percat\u00f3 que los due\u00f1os de ese terreno llevaron a cabo esa acci\u00f3n como una forma de ejercer presi\u00f3n, a las nuevas autoridades que luchan por los recursos.<\/p>\n<p>Explic\u00f3 que el asunto se encuentra en manos del departamento jur\u00eddico, cuyos abogados buscan una soluci\u00f3n favorable para ambas partes, pues el dren es una forma de desalojar el agua pluvial y ahora que est\u00e1n cerca la temporada fuerte.<\/p>\n","protected":false},"excerpt":{"rendered":"<p>C\u00c1RDENAS, TAB.- El problema del \u201ctap\u00f3n\u201d en Santa Rita no est\u00e1 solucionado pero tampoco hay apat\u00eda del gobierno municipal que encabeza Armando Beltr\u00e1n Tenorio pues lo primordial es garantizarle lo m\u00ednimo en riesgo a la poblaci\u00f3n, cuando las lluvias sean m\u00e1s intensas, reconoci\u00f3 el Coordinador de protecci\u00f3n Civil, Casimiro Gamas Zamudio. Coment\u00f3 que los propietarios [&hellip;]<\/p>\n","protected":false},"author":2,"featured_media":364085,"comment_status":"closed","ping_status":"closed","sticky":false,"template":"","format":"standard","meta":{"footnotes":""},"categories":[12],"tags":[],"class_list":["post-364109","post","type-post","status-publish","format-standard","has-post-thumbnail","hentry","category-municipios"],"_links":{"self":[{"href":"https:\/\/diarioavancetabasco.com\/index.php?rest_route=\/wp\/v2\/posts\/364109","targetHints":{"allow":["GET"]}}],"collection":[{"href":"https:\/\/diarioavancetabasco.com\/index.php?rest_route=\/wp\/v2\/posts"}],"about":[{"href":"https:\/\/diarioavancetabasco.com\/index.php?rest_route=\/wp\/v2\/types\/post"}],"author":[{"embeddable":true,"href":"https:\/\/diarioavancetabasco.com\/index.php?rest_route=\/wp\/v2\/users\/2"}],"replies":[{"embeddable":true,"href":"https:\/\/diarioavancetabasco.com\/index.php?rest_route=%2Fwp%2Fv2%2Fcomments&post=364109"}],"version-history":[{"count":2,"href":"https:\/\/diarioavancetabasco.com\/index.php?rest_route=\/wp\/v2\/posts\/364109\/revisions"}],"predecessor-version":[{"id":364136,"href":"https:\/\/diarioavancetabasco.com\/index.php?rest_route=\/wp\/v2\/posts\/364109\/revisions\/364136"}],"wp:featuredmedia":[{"embeddable":true,"href":"https:\/\/diarioavancetabasco.com\/index.php?rest_route=\/wp\/v2\/media\/364085"}],"wp:attachment":[{"href":"https:\/\/diarioavancetabasco.com\/index.php?rest_route=%2Fwp%2Fv2%2Fmedia&parent=364109"}],"wp:term":[{"taxonomy":"category","embeddable":true,"href":"https:\/\/diarioavancetabasco.com\/index.php?rest_route=%2Fwp%2Fv2%2Fcategories&post=364109"},{"taxonomy":"post_tag","embeddable":true,"href":"https:\/\/diarioavancetabasco.com\/index.php?rest_route=%2Fwp%2Fv2%2Ftags&post=364109"}],"curies":[{"name":"wp","href":"https:\/\/api.w.org\/{rel}","templated":true}]}}