{"id":364113,"date":"2018-10-26T00:44:45","date_gmt":"2018-10-26T05:44:45","guid":{"rendered":"http:\/\/diarioavancetabasco.com\/?p=364113"},"modified":"2018-10-26T00:44:48","modified_gmt":"2018-10-26T05:44:48","slug":"rescatan-y-limpian-el-parque-revolucion","status":"publish","type":"post","link":"https:\/\/diarioavancetabasco.com\/?p=364113","title":{"rendered":"Rescatan y limpian el parque \u201cRevoluci\u00f3n\u201d"},"content":{"rendered":"<p><!--\np.p1 {margin: 0.0px 0.0px 0.0px 0.0px; text-align: justify; line-height: 10.0px; font: 52.0px Whitman}\np.p2 {margin: 0.0px 0.0px 0.0px 0.0px; text-align: justify; line-height: 10.0px; font: 10.0px Whitman}\np.p3 {margin: 0.0px 0.0px 0.0px 0.0px; text-align: justify; text-indent: 6.0px; line-height: 10.0px; font: 10.0px Whitman}\nspan.s1 {letter-spacing: -0.2px}\n-->C\u00c1RDENAS, TAB.- El parque Revoluci\u00f3n, ubicada a la entrada noreste de la ciudad, se convertir\u00e1 en sede permanente del m\u00f3dulo de vinculaci\u00f3n social de la Polic\u00eda Vial (Tr\u00e1nsito), y dir\u00e1 adi\u00f3s a los \u201cteporochos\u201d que acostumbraban a pernoctar e ingerir sus bebidas embriagantes en el lugar, para lo que se inici\u00f3 un rescate integral y habilitaci\u00f3n, para en breve se comience con el servicio a los ciudadanos.<\/p>\n<p>Esta acci\u00f3n, fue bien vista por los vecinos aleda\u00f1os a este centro de esparcimiento familiar que ha estado abandonado por las administraciones y que hab\u00edan sido secuestradas-literalmente- por vagos y bebedores empedernidos, \u201cque bien que hay alguien que se interese por rescatar los espacios p\u00fablicos, pero sobre todo habilitarlo para pasar el mensaje sobre una mejor cultura vial\u201d externo la Sra. Maril\u00fa Moheno.<\/p>\n<p>Por su parte el\u00a0 titular de la dependencia de tr\u00e1nsito municipal, Iv\u00e1n Pe\u00f1a Vidal, inform\u00f3 que en ese espacio, la corporaci\u00f3n a su cargo, instalar\u00e1 el m\u00f3dulo de Vinculaci\u00f3n Social, cuyo objetivo es el de realizar distintas actividades que contribuyan a la cultura vial y de paso se rescata un espacio p\u00fablico, vital para seguir fomentando la sana convivencia familiar.<\/p>\n","protected":false},"excerpt":{"rendered":"<p>C\u00c1RDENAS, TAB.- El parque Revoluci\u00f3n, ubicada a la entrada noreste de la ciudad, se convertir\u00e1 en sede permanente del m\u00f3dulo de vinculaci\u00f3n social de la Polic\u00eda Vial (Tr\u00e1nsito), y dir\u00e1 adi\u00f3s a los \u201cteporochos\u201d que acostumbraban a pernoctar e ingerir sus bebidas embriagantes en el lugar, para lo que se inici\u00f3 un rescate integral y [&hellip;]<\/p>\n","protected":false},"author":2,"featured_media":364076,"comment_status":"closed","ping_status":"closed","sticky":false,"template":"","format":"standard","meta":{"footnotes":""},"categories":[12],"tags":[],"class_list":["post-364113","post","type-post","status-publish","format-standard","has-post-thumbnail","hentry","category-municipios"],"_links":{"self":[{"href":"https:\/\/diarioavancetabasco.com\/index.php?rest_route=\/wp\/v2\/posts\/364113","targetHints":{"allow":["GET"]}}],"collection":[{"href":"https:\/\/diarioavancetabasco.com\/index.php?rest_route=\/wp\/v2\/posts"}],"about":[{"href":"https:\/\/diarioavancetabasco.com\/index.php?rest_route=\/wp\/v2\/types\/post"}],"author":[{"embeddable":true,"href":"https:\/\/diarioavancetabasco.com\/index.php?rest_route=\/wp\/v2\/users\/2"}],"replies":[{"embeddable":true,"href":"https:\/\/diarioavancetabasco.com\/index.php?rest_route=%2Fwp%2Fv2%2Fcomments&post=364113"}],"version-history":[{"count":2,"href":"https:\/\/diarioavancetabasco.com\/index.php?rest_route=\/wp\/v2\/posts\/364113\/revisions"}],"predecessor-version":[{"id":364138,"href":"https:\/\/diarioavancetabasco.com\/index.php?rest_route=\/wp\/v2\/posts\/364113\/revisions\/364138"}],"wp:featuredmedia":[{"embeddable":true,"href":"https:\/\/diarioavancetabasco.com\/index.php?rest_route=\/wp\/v2\/media\/364076"}],"wp:attachment":[{"href":"https:\/\/diarioavancetabasco.com\/index.php?rest_route=%2Fwp%2Fv2%2Fmedia&parent=364113"}],"wp:term":[{"taxonomy":"category","embeddable":true,"href":"https:\/\/diarioavancetabasco.com\/index.php?rest_route=%2Fwp%2Fv2%2Fcategories&post=364113"},{"taxonomy":"post_tag","embeddable":true,"href":"https:\/\/diarioavancetabasco.com\/index.php?rest_route=%2Fwp%2Fv2%2Ftags&post=364113"}],"curies":[{"name":"wp","href":"https:\/\/api.w.org\/{rel}","templated":true}]}}