{"id":364117,"date":"2018-10-26T00:46:57","date_gmt":"2018-10-26T05:46:57","guid":{"rendered":"http:\/\/diarioavancetabasco.com\/?p=364117"},"modified":"2018-10-26T00:47:01","modified_gmt":"2018-10-26T05:47:01","slug":"mediacion-comunitaria-de-cenepred-entre-los-10-mejores-del-pais-segob","status":"publish","type":"post","link":"https:\/\/diarioavancetabasco.com\/?p=364117","title":{"rendered":"\u2018Mediaci\u00f3n Comunitaria\u2019 de Cenepred, entre los 10 mejores del pa\u00eds: Segob"},"content":{"rendered":"<p><!--\np.p1 {margin: 0.0px 0.0px 0.0px 0.0px; text-align: justify; line-height: 10.0px; font: 52.0px Whitman}\np.p2 {margin: 0.0px 0.0px 0.0px 0.0px; text-align: justify; line-height: 10.0px; font: 10.0px Whitman}\nspan.s1 {letter-spacing: -0.2px}\n--><!--\np.p1 {margin: 0.0px 0.0px 0.0px 0.0px; text-align: justify; text-indent: 6.0px; line-height: 10.0px; font: 10.0px Whitman}\nspan.s1 {letter-spacing: -0.2px}\n-->El proyecto \u201cMediaci\u00f3n Comunitaria de Tabasco\u201d fue reconocido por la Secretar\u00eda de Gobernaci\u00f3n (Segob), la Agencia Mexicana de Cooperaci\u00f3n Internacional, y la Delegaci\u00f3n de la Uni\u00f3n Europea en M\u00e9xico, como una de las 10 Buenas Pr\u00e1cticas a nivel nacional en prevenci\u00f3n social, al favorecer la resoluci\u00f3n pac\u00edfica de conflictos.<\/p>\n<p>El programa implementado desde el 2014, por el Centro Estatal de Prevenci\u00f3n Social del Delito y Participaci\u00f3n Ciudadana (Cenepred), fue expuesto durante el segundo Encuentro de voluntades y mesa de di\u00e1logo sobre seguridad ciudadana y cohesi\u00f3n social, detall\u00f3 su directora general, Pilar Abreu Vera.<\/p>\n<p>Coment\u00f3 que la mediaci\u00f3n se puede considerar una herramienta del Nuevo Sistema de Justicia Penal, ya que la resoluci\u00f3n de diferencias entre vecinos, e incluso entre familiares, a trav\u00e9s de esta pr\u00e1ctica, contribuye a disminuir la carga de trabajo del Poder Judicial y de la Fiscal\u00eda General del Estado (FGE).<\/p>\n<p>Desde el 2017, a trav\u00e9s de la subsecretar\u00eda de Prevenci\u00f3n y Participaci\u00f3n Ciudadana de la Segob, en colaboraci\u00f3n con los organismos internacionales, se evaluaron 72 proyectos de todo el pa\u00eds, de los cuales se eligieron a 10, y fue reconocido en este foro internacional para el intercambio de experiencia de prevenci\u00f3n social de la violencia y la delincuencia.<\/p>\n","protected":false},"excerpt":{"rendered":"<p>El proyecto \u201cMediaci\u00f3n Comunitaria de Tabasco\u201d fue reconocido por la Secretar\u00eda de Gobernaci\u00f3n (Segob), la Agencia Mexicana de Cooperaci\u00f3n Internacional, y la Delegaci\u00f3n de la Uni\u00f3n Europea en M\u00e9xico, como una de las 10 Buenas Pr\u00e1cticas a nivel nacional en prevenci\u00f3n social, al favorecer la resoluci\u00f3n pac\u00edfica de conflictos. El programa implementado desde el 2014, [&hellip;]<\/p>\n","protected":false},"author":2,"featured_media":364118,"comment_status":"closed","ping_status":"closed","sticky":false,"template":"","format":"standard","meta":{"footnotes":""},"categories":[9],"tags":[],"class_list":["post-364117","post","type-post","status-publish","format-standard","has-post-thumbnail","hentry","category-politica"],"_links":{"self":[{"href":"https:\/\/diarioavancetabasco.com\/index.php?rest_route=\/wp\/v2\/posts\/364117","targetHints":{"allow":["GET"]}}],"collection":[{"href":"https:\/\/diarioavancetabasco.com\/index.php?rest_route=\/wp\/v2\/posts"}],"about":[{"href":"https:\/\/diarioavancetabasco.com\/index.php?rest_route=\/wp\/v2\/types\/post"}],"author":[{"embeddable":true,"href":"https:\/\/diarioavancetabasco.com\/index.php?rest_route=\/wp\/v2\/users\/2"}],"replies":[{"embeddable":true,"href":"https:\/\/diarioavancetabasco.com\/index.php?rest_route=%2Fwp%2Fv2%2Fcomments&post=364117"}],"version-history":[{"count":2,"href":"https:\/\/diarioavancetabasco.com\/index.php?rest_route=\/wp\/v2\/posts\/364117\/revisions"}],"predecessor-version":[{"id":364140,"href":"https:\/\/diarioavancetabasco.com\/index.php?rest_route=\/wp\/v2\/posts\/364117\/revisions\/364140"}],"wp:featuredmedia":[{"embeddable":true,"href":"https:\/\/diarioavancetabasco.com\/index.php?rest_route=\/wp\/v2\/media\/364118"}],"wp:attachment":[{"href":"https:\/\/diarioavancetabasco.com\/index.php?rest_route=%2Fwp%2Fv2%2Fmedia&parent=364117"}],"wp:term":[{"taxonomy":"category","embeddable":true,"href":"https:\/\/diarioavancetabasco.com\/index.php?rest_route=%2Fwp%2Fv2%2Fcategories&post=364117"},{"taxonomy":"post_tag","embeddable":true,"href":"https:\/\/diarioavancetabasco.com\/index.php?rest_route=%2Fwp%2Fv2%2Ftags&post=364117"}],"curies":[{"name":"wp","href":"https:\/\/api.w.org\/{rel}","templated":true}]}}