{"id":364166,"date":"2018-10-27T00:34:18","date_gmt":"2018-10-27T05:34:18","guid":{"rendered":"http:\/\/diarioavancetabasco.com\/?p=364166"},"modified":"2018-10-27T00:34:21","modified_gmt":"2018-10-27T05:34:21","slug":"estas-en-tu-casa-para-los-migrantes","status":"publish","type":"post","link":"https:\/\/diarioavancetabasco.com\/?p=364166","title":{"rendered":"\u201cEst\u00e1s en tu casa\u201d,  para los migrantes"},"content":{"rendered":"<p><!--\np.p1 {margin: 0.0px 0.0px 0.0px 0.0px; text-align: justify; line-height: 10.0px; font: 52.0px Whitman}\np.p2 {margin: 0.0px 0.0px 0.0px 0.0px; text-align: justify; line-height: 10.0px; font: 10.0px Whitman}\np.p3 {margin: 0.0px 0.0px 0.0px 0.0px; text-align: justify; text-indent: 6.0px; line-height: 10.0px; font: 10.0px Whitman}\np.p4 {margin: 0.0px 0.0px 0.0px 0.0px; text-align: justify; text-indent: 6.0px; line-height: 10.0px; font: 10.0px Whitman; min-height: 12.0px}\nspan.s1 {letter-spacing: -0.2px}\n-->Al lanzar este viernes el Plan \u201cEsta es tu casa\u201d, el presidente Enrique Pe\u00f1a Nieto ofreci\u00f3 a los migrantes que en caravana se dirigen a los Estados Unidos empleo, servicios de salud y educaci\u00f3n para sus hijos a cambio de cumplir con las leyes mexicanas y regularizar su situaci\u00f3n migratoria en territorio nacional.<\/p>\n<p>En un mensaje a la Naci\u00f3n, el mandatario se dirigi\u00f3 de manera directa a los integrantes de la Caravana Migrante y les dijo que M\u00e9xico los quiere apoyar y proteger y que por ello la naci\u00f3n les extiende la mano para que se sientan tranquilos y protegidos.<\/p>\n<p>En un video de casi tres minutos, difundido por las redes sociales oficiales de la Presidencia y que se puso a disposici\u00f3n de las televisoras y radiodifusoras del pa\u00eds, dijo a los migrantes que los mexicanos son hospitalarios y especialmente solidarios con quienes pasan por momentos dif\u00edciles.<br \/>\n\u201cSomos un pa\u00eds que valora y reconoce la dignidad de las personas migrantes; casi todos nosotros tenemos un pariente o amigo cercano que ha migrado; sabemos muy bien que lo que buscas es una oportunidad, que quieres construir un nuevo hogar y mejor futuro para tu familia y seres queridos.<\/p>\n<p>\u201cHoy M\u00e9xico te extiende la mano. Queremos que t\u00fa y todos los migrantes se sientan tranquilos y protegidos. Para apoyarte el gobierno de M\u00e9xico est\u00e1 lanzando el d\u00eda de hoy el Plan \u2018Estas en Tu casa\u2019. Estando en M\u00e9xico podr\u00e1s recibir atenci\u00f3n m\u00e9dica, e incluso mandar a tus hijos a la escuela\u201d, anunci\u00f3.<\/p>\n<p>Ofreci\u00f3 a cada migrante una identificaci\u00f3n oficial temporal para realizar los tr\u00e1mites necesarios mientras regulariza su situaci\u00f3n migratoria, lo que le permitir\u00e1 entrar y salir de los albergues de Chiapas, Oaxaca cuando lo consideren necesario.<\/p>\n<p>\u201cY algo muy importante: al incorporarte al Plan podr\u00e1s acceder al Programa de Empleo Temporal. Para aprovechar todos estos beneficios son indispensables dos requisitos: uno, que te encuentres en los estados de Chiapas o Oaxaca y dos, que t\u00fa y los familiares que te acompa\u00f1an ya hayan solicitado su ingreso o refugio con el Instituto Nacional de Migraci\u00f3n\u201d.<\/p>\n<p>&nbsp;<\/p>\n","protected":false},"excerpt":{"rendered":"<p>Al lanzar este viernes el Plan \u201cEsta es tu casa\u201d, el presidente Enrique Pe\u00f1a Nieto ofreci\u00f3 a los migrantes que en caravana se dirigen a los Estados Unidos empleo, servicios de salud y educaci\u00f3n para sus hijos a cambio de cumplir con las leyes mexicanas y regularizar su situaci\u00f3n migratoria en territorio nacional. En un [&hellip;]<\/p>\n","protected":false},"author":2,"featured_media":364151,"comment_status":"closed","ping_status":"closed","sticky":false,"template":"","format":"standard","meta":{"footnotes":""},"categories":[3],"tags":[],"class_list":["post-364166","post","type-post","status-publish","format-standard","has-post-thumbnail","hentry","category-nacional"],"_links":{"self":[{"href":"https:\/\/diarioavancetabasco.com\/index.php?rest_route=\/wp\/v2\/posts\/364166","targetHints":{"allow":["GET"]}}],"collection":[{"href":"https:\/\/diarioavancetabasco.com\/index.php?rest_route=\/wp\/v2\/posts"}],"about":[{"href":"https:\/\/diarioavancetabasco.com\/index.php?rest_route=\/wp\/v2\/types\/post"}],"author":[{"embeddable":true,"href":"https:\/\/diarioavancetabasco.com\/index.php?rest_route=\/wp\/v2\/users\/2"}],"replies":[{"embeddable":true,"href":"https:\/\/diarioavancetabasco.com\/index.php?rest_route=%2Fwp%2Fv2%2Fcomments&post=364166"}],"version-history":[{"count":2,"href":"https:\/\/diarioavancetabasco.com\/index.php?rest_route=\/wp\/v2\/posts\/364166\/revisions"}],"predecessor-version":[{"id":364203,"href":"https:\/\/diarioavancetabasco.com\/index.php?rest_route=\/wp\/v2\/posts\/364166\/revisions\/364203"}],"wp:featuredmedia":[{"embeddable":true,"href":"https:\/\/diarioavancetabasco.com\/index.php?rest_route=\/wp\/v2\/media\/364151"}],"wp:attachment":[{"href":"https:\/\/diarioavancetabasco.com\/index.php?rest_route=%2Fwp%2Fv2%2Fmedia&parent=364166"}],"wp:term":[{"taxonomy":"category","embeddable":true,"href":"https:\/\/diarioavancetabasco.com\/index.php?rest_route=%2Fwp%2Fv2%2Fcategories&post=364166"},{"taxonomy":"post_tag","embeddable":true,"href":"https:\/\/diarioavancetabasco.com\/index.php?rest_route=%2Fwp%2Fv2%2Ftags&post=364166"}],"curies":[{"name":"wp","href":"https:\/\/api.w.org\/{rel}","templated":true}]}}