{"id":364177,"date":"2018-10-27T00:43:18","date_gmt":"2018-10-27T05:43:18","guid":{"rendered":"http:\/\/diarioavancetabasco.com\/?p=364177"},"modified":"2018-10-27T00:43:19","modified_gmt":"2018-10-27T05:43:19","slug":"torre-telefonica-podria-estar-causando-cancer","status":"publish","type":"post","link":"https:\/\/diarioavancetabasco.com\/?p=364177","title":{"rendered":"Torre telef\u00f3nica podr\u00eda   estar causando c\u00e1ncer"},"content":{"rendered":"<p><!--\np.p1 {margin: 0.0px 0.0px 0.0px 0.0px; text-align: justify; line-height: 10.0px; font: 52.0px Whitman}\np.p2 {margin: 0.0px 0.0px 0.0px 0.0px; text-align: justify; line-height: 10.0px; font: 10.0px Whitman}\np.p3 {margin: 0.0px 0.0px 0.0px 0.0px; text-align: justify; text-indent: 6.0px; line-height: 10.0px; font: 10.0px Whitman}\nspan.s1 {letter-spacing: -0.3px}\n-->JALPA DE M\u00c9NDEZ, TAB.- La presencia de c\u00e1ncer en m\u00e1s de 12 personas que viven cerca de la torres de Telcel ha generado protestas departe de las autoridades del fraccionamiento Campestre, al considerar que el equipo de telecomunicaciones es responsables de esta enfermedad.<\/p>\n<p>De acuerdo a familias cercanas a la torre, entre ellos Israel Jim\u00e9nez, Gladis Hern\u00e1ndez, Felipe Carrillo entre otros manifestaron que estos solicitaron un estudio departe especialistas en telecomunicaciones.<\/p>\n<p>Y manifestaron que las radiaciones que desprende los equipos que ah\u00ed se usan podr\u00edan ser causa de la propagaci\u00f3n de c\u00e1ncer en las personas, por lo que ya solicitaron al sector salud una verificaci\u00f3n de estos estudios.<\/p>\n<p>Lo que queremos es que la torre sea quitada del lugar ya que cada d\u00eda hay m\u00e1s personas enfermas lo que mantiene en la zozobra a las familias del fraccionamiento Campestre, en donde radican m\u00e1s de mil 600 familias seg\u00fan dio a conocer la delegado municipal.<\/p>\n<p>Los afectados manifestaron que ya le han expuesto esta situaci\u00f3n a los t\u00e9cnicos que cuidan la torre, sin embargo hasta ahora no existe respuesta por lo que advirtieron que si no existe voluntad para atender la demanda estos desconectaran el cableado de lo que es la planta.<\/p>\n<p>Los afectados por c\u00e1ncer se\u00f1alan que previo a que se instalara la torre, estos no padec\u00edan de ninguna enfermedad y menos de c\u00e1ncer del cual han sido diagnosticado por lo que estos demandaron la intervenci\u00f3n de las autoridades.<\/p>\n","protected":false},"excerpt":{"rendered":"<p>JALPA DE M\u00c9NDEZ, TAB.- La presencia de c\u00e1ncer en m\u00e1s de 12 personas que viven cerca de la torres de Telcel ha generado protestas departe de las autoridades del fraccionamiento Campestre, al considerar que el equipo de telecomunicaciones es responsables de esta enfermedad. De acuerdo a familias cercanas a la torre, entre ellos Israel Jim\u00e9nez, [&hellip;]<\/p>\n","protected":false},"author":2,"featured_media":364153,"comment_status":"closed","ping_status":"closed","sticky":false,"template":"","format":"standard","meta":{"footnotes":""},"categories":[12],"tags":[],"class_list":["post-364177","post","type-post","status-publish","format-standard","has-post-thumbnail","hentry","category-municipios"],"_links":{"self":[{"href":"https:\/\/diarioavancetabasco.com\/index.php?rest_route=\/wp\/v2\/posts\/364177","targetHints":{"allow":["GET"]}}],"collection":[{"href":"https:\/\/diarioavancetabasco.com\/index.php?rest_route=\/wp\/v2\/posts"}],"about":[{"href":"https:\/\/diarioavancetabasco.com\/index.php?rest_route=\/wp\/v2\/types\/post"}],"author":[{"embeddable":true,"href":"https:\/\/diarioavancetabasco.com\/index.php?rest_route=\/wp\/v2\/users\/2"}],"replies":[{"embeddable":true,"href":"https:\/\/diarioavancetabasco.com\/index.php?rest_route=%2Fwp%2Fv2%2Fcomments&post=364177"}],"version-history":[{"count":2,"href":"https:\/\/diarioavancetabasco.com\/index.php?rest_route=\/wp\/v2\/posts\/364177\/revisions"}],"predecessor-version":[{"id":364207,"href":"https:\/\/diarioavancetabasco.com\/index.php?rest_route=\/wp\/v2\/posts\/364177\/revisions\/364207"}],"wp:featuredmedia":[{"embeddable":true,"href":"https:\/\/diarioavancetabasco.com\/index.php?rest_route=\/wp\/v2\/media\/364153"}],"wp:attachment":[{"href":"https:\/\/diarioavancetabasco.com\/index.php?rest_route=%2Fwp%2Fv2%2Fmedia&parent=364177"}],"wp:term":[{"taxonomy":"category","embeddable":true,"href":"https:\/\/diarioavancetabasco.com\/index.php?rest_route=%2Fwp%2Fv2%2Fcategories&post=364177"},{"taxonomy":"post_tag","embeddable":true,"href":"https:\/\/diarioavancetabasco.com\/index.php?rest_route=%2Fwp%2Fv2%2Ftags&post=364177"}],"curies":[{"name":"wp","href":"https:\/\/api.w.org\/{rel}","templated":true}]}}