{"id":364252,"date":"2018-10-29T00:39:38","date_gmt":"2018-10-29T06:39:38","guid":{"rendered":"http:\/\/diarioavancetabasco.com\/?p=364252"},"modified":"2018-10-29T00:39:52","modified_gmt":"2018-10-29T06:39:52","slug":"vamos-a-superar-lo-que-hicimos-la-vez-pasada","status":"publish","type":"post","link":"https:\/\/diarioavancetabasco.com\/?p=364252","title":{"rendered":"Vamos a superar lo que  hicimos la vez pasada"},"content":{"rendered":"<p><!--\np.p1 {margin: 0.0px 0.0px 0.0px 0.0px; text-align: justify; line-height: 10.0px; font: 10.0px Whitman}\np.p2 {margin: 0.0px 0.0px 0.0px 0.0px; text-align: justify; text-indent: 6.0px; line-height: 10.0px; font: 10.0px Whitman}\nspan.s1 {letter-spacing: -0.4px}\n-->Tras recordar que en fechas pr\u00f3ximas se inaugurar\u00e1 el programa dominical \u201cDe r\u00edo a r\u00edo\u201d con la presencia de figuras deportivas internacionales, el presidente municipal Evaristo Hern\u00e1ndez Cruz asegur\u00f3 que en materia deportiva la presente administraci\u00f3n superar\u00e1 lo realizado en el pasado.<\/p>\n<p>\u201cVamos a superar lo que hicimos la vez pasada, estamos llegando por lo pronto a 9 regiones que es donde est\u00e1n los mayores \u00edndices de delincuencia en el municipio y ah\u00ed estamos impulsando una serie de actividades culturales, deportivas, recreativas y estamos metiendo mucho deporte\u201d.<\/p>\n<p>Evaristo Hern\u00e1ndez -quien dio el banderazo de salida de la carrera urbana de la empresa \u201cBisquets Obreg\u00f3n\u201d- se\u00f1al\u00f3 que el proyecto deportivo se aplicar\u00e1 tanto en la zona urbana como rural, \u201cvamos a pegarle mucho en las comunidades, principalmente en las colonias, vamos a invitar a maestros de educaci\u00f3n f\u00edsica de cada colonia, de cada villa, poblado, rancher\u00eda, de los jubilados que nos ayuden para que ah\u00ed organicemos a los j\u00f3venes, a los ni\u00f1os\u201d.<\/p>\n<p>El presidente municipal precis\u00f3 que no solo en la avenida Paseo Tabasco los domingos se desarrollar\u00e1n eventos deportivos sino tambi\u00e9n en las principales calles de las villas; indic\u00f3 que se traer\u00e1n espect\u00e1culos de lucha libre y de box, adem\u00e1s de otras disciplinas.<\/p>\n<p>\u201cEs importante que la gente no solo juegue f\u00fatbol, hay infinidad de deportes que hemos olvidado como el b\u00e9isbol que dec\u00eda el licenciado Andr\u00e9s Manuel que debe ser el deporte m\u00e1s importante en el pa\u00eds, que as\u00ed hab\u00eda sido y que nos fuimos desviando y que vamos a impulsarlo tambi\u00e9n much\u00edsimo en nuestra administraci\u00f3n\u201d.<\/p>\n<p>La ma\u00f1ana de este domingo el alcalde convivi\u00f3 con atletas que se concentraron en Plaza de Armas para participar de esta actividad que promovi\u00f3 el restaurante \u201cBisquets Obreg\u00f3n\u201d a la cual se sumaron diversos colectivos deportivos as\u00ed como instituciones educativas e iniciativa privada; el recorrido de la carrera tuvo la finalidad de destacar diferentes puntos tur\u00edsticos y culturales del Centro Hist\u00f3rico de Villahermosa.<\/p>\n<p>En el arranque de la carrera urbana, Hern\u00e1ndez Cruz estuvo acompa\u00f1ado de la regidora Jackelin Torres Mora, presidenta de la Comisi\u00f3n de Educaci\u00f3n, Cultura y Recreaci\u00f3n; Miguel Ram\u00edrez Fr\u00edas, director de la DECUR; Paullette Spamer Moreno, titular del Instituto Municipal del Deporte.<\/p>\n","protected":false},"excerpt":{"rendered":"<p>Tras recordar que en fechas pr\u00f3ximas se inaugurar\u00e1 el programa dominical \u201cDe r\u00edo a r\u00edo\u201d con la presencia de figuras deportivas internacionales, el presidente municipal Evaristo Hern\u00e1ndez Cruz asegur\u00f3 que en materia deportiva la presente administraci\u00f3n superar\u00e1 lo realizado en el pasado. \u201cVamos a superar lo que hicimos la vez pasada, estamos llegando por lo [&hellip;]<\/p>\n","protected":false},"author":2,"featured_media":364218,"comment_status":"closed","ping_status":"closed","sticky":false,"template":"","format":"standard","meta":{"footnotes":""},"categories":[19],"tags":[],"class_list":["post-364252","post","type-post","status-publish","format-standard","has-post-thumbnail","hentry","category-de-ultima-hora"],"_links":{"self":[{"href":"https:\/\/diarioavancetabasco.com\/index.php?rest_route=\/wp\/v2\/posts\/364252","targetHints":{"allow":["GET"]}}],"collection":[{"href":"https:\/\/diarioavancetabasco.com\/index.php?rest_route=\/wp\/v2\/posts"}],"about":[{"href":"https:\/\/diarioavancetabasco.com\/index.php?rest_route=\/wp\/v2\/types\/post"}],"author":[{"embeddable":true,"href":"https:\/\/diarioavancetabasco.com\/index.php?rest_route=\/wp\/v2\/users\/2"}],"replies":[{"embeddable":true,"href":"https:\/\/diarioavancetabasco.com\/index.php?rest_route=%2Fwp%2Fv2%2Fcomments&post=364252"}],"version-history":[{"count":2,"href":"https:\/\/diarioavancetabasco.com\/index.php?rest_route=\/wp\/v2\/posts\/364252\/revisions"}],"predecessor-version":[{"id":364290,"href":"https:\/\/diarioavancetabasco.com\/index.php?rest_route=\/wp\/v2\/posts\/364252\/revisions\/364290"}],"wp:featuredmedia":[{"embeddable":true,"href":"https:\/\/diarioavancetabasco.com\/index.php?rest_route=\/wp\/v2\/media\/364218"}],"wp:attachment":[{"href":"https:\/\/diarioavancetabasco.com\/index.php?rest_route=%2Fwp%2Fv2%2Fmedia&parent=364252"}],"wp:term":[{"taxonomy":"category","embeddable":true,"href":"https:\/\/diarioavancetabasco.com\/index.php?rest_route=%2Fwp%2Fv2%2Fcategories&post=364252"},{"taxonomy":"post_tag","embeddable":true,"href":"https:\/\/diarioavancetabasco.com\/index.php?rest_route=%2Fwp%2Fv2%2Ftags&post=364252"}],"curies":[{"name":"wp","href":"https:\/\/api.w.org\/{rel}","templated":true}]}}