{"id":364256,"date":"2018-10-29T00:44:57","date_gmt":"2018-10-29T06:44:57","guid":{"rendered":"http:\/\/diarioavancetabasco.com\/?p=364256"},"modified":"2018-10-29T00:45:14","modified_gmt":"2018-10-29T06:45:14","slug":"condenan-legalizar-el-aborto","status":"publish","type":"post","link":"https:\/\/diarioavancetabasco.com\/?p=364256","title":{"rendered":"Condenan  legalizar el aborto"},"content":{"rendered":"<p><!--\np.p1 {margin: 0.0px 0.0px 0.0px 0.0px; text-align: justify; line-height: 10.0px; font: 52.0px Whitman}\np.p2 {margin: 0.0px 0.0px 0.0px 0.0px; text-align: justify; line-height: 10.0px; font: 10.0px Whitman}\np.p3 {margin: 0.0px 0.0px 0.0px 0.0px; text-align: justify; text-indent: 6.0px; line-height: 10.0px; font: 10.0px Whitman}\n-->En rueda de prensa\u00a0 el obispo de Tabasco, Gerardo de Jes\u00fas de Rojas L\u00f3pez, asegur\u00f3 que\u00a0la Iglesia cat\u00f3lica en Tabasco se mostr\u00f3 en contra de la iniciativa presentada por la fracci\u00f3n parlamentaria de MORENA en la C\u00e1mara de Diputados para la despenalizaci\u00f3n del aborto a nivel federal.<\/p>\n<p>El Obispo de Tabasco, Gerardo de Jes\u00fas Rojas L\u00f3pez indic\u00f3 que Dios da la vida desde el momento mismo en que es concebido un ser humano y es el \u00fanico que puede quitarla, por lo que no hay raz\u00f3n para legalizar las pr\u00e1cticas abortivas.<\/p>\n<p>\u201cNo podemos admitir el asesinato y mucho menos de un inocente, la madre tiene derecho a vivir pero tambi\u00e9n el ni\u00f1o\u201d.<\/p>\n<p>A prop\u00f3sito de este tema que tanta pol\u00e9mica ha generado en el pa\u00eds, Monse\u00f1or apunt\u00f3 que se realizar\u00e1n jornadas oraci\u00f3n para infundir en la feligres\u00eda el amor por la vida y el rechazo a la legalizaci\u00f3n del aborto.<\/p>\n<p>En cuanto a la reciente visita de la caravana de madres de migrantes centroamericanos desaparecidos, el jerarca cat\u00f3lico puntualiz\u00f3 que Fray Tom\u00e1s se ha encargado de brindarles todo el apoyo necesario.<\/p>\n<p>A\u00f1adi\u00f3 que\u00a0 es obligaci\u00f3n de los tabasque\u00f1os tratar con respeto a los hermanos provenientes de Centroam\u00e9rica pues en la vida de fe no hay fronteras y \u201cCristo nos ha dado mucho para poder compartirlo\u201d.<\/p>\n<p>Dijo que la Iglesia est\u00e1 siempre en la mejor disposici\u00f3n de abrir las puertas de sus templos para que los migrantes puedan descansar o pernoctar cuando est\u00e1n de paso por el pa\u00eds generalmente con rumbo a los Estados Unidos como es el caso de la caravana de hondure\u00f1os.<\/p>\n","protected":false},"excerpt":{"rendered":"<p>En rueda de prensa\u00a0 el obispo de Tabasco, Gerardo de Jes\u00fas de Rojas L\u00f3pez, asegur\u00f3 que\u00a0la Iglesia cat\u00f3lica en Tabasco se mostr\u00f3 en contra de la iniciativa presentada por la fracci\u00f3n parlamentaria de MORENA en la C\u00e1mara de Diputados para la despenalizaci\u00f3n del aborto a nivel federal. El Obispo de Tabasco, Gerardo de Jes\u00fas Rojas [&hellip;]<\/p>\n","protected":false},"author":2,"featured_media":364222,"comment_status":"closed","ping_status":"closed","sticky":false,"template":"","format":"standard","meta":{"footnotes":""},"categories":[9],"tags":[],"class_list":["post-364256","post","type-post","status-publish","format-standard","has-post-thumbnail","hentry","category-politica"],"_links":{"self":[{"href":"https:\/\/diarioavancetabasco.com\/index.php?rest_route=\/wp\/v2\/posts\/364256","targetHints":{"allow":["GET"]}}],"collection":[{"href":"https:\/\/diarioavancetabasco.com\/index.php?rest_route=\/wp\/v2\/posts"}],"about":[{"href":"https:\/\/diarioavancetabasco.com\/index.php?rest_route=\/wp\/v2\/types\/post"}],"author":[{"embeddable":true,"href":"https:\/\/diarioavancetabasco.com\/index.php?rest_route=\/wp\/v2\/users\/2"}],"replies":[{"embeddable":true,"href":"https:\/\/diarioavancetabasco.com\/index.php?rest_route=%2Fwp%2Fv2%2Fcomments&post=364256"}],"version-history":[{"count":2,"href":"https:\/\/diarioavancetabasco.com\/index.php?rest_route=\/wp\/v2\/posts\/364256\/revisions"}],"predecessor-version":[{"id":364292,"href":"https:\/\/diarioavancetabasco.com\/index.php?rest_route=\/wp\/v2\/posts\/364256\/revisions\/364292"}],"wp:featuredmedia":[{"embeddable":true,"href":"https:\/\/diarioavancetabasco.com\/index.php?rest_route=\/wp\/v2\/media\/364222"}],"wp:attachment":[{"href":"https:\/\/diarioavancetabasco.com\/index.php?rest_route=%2Fwp%2Fv2%2Fmedia&parent=364256"}],"wp:term":[{"taxonomy":"category","embeddable":true,"href":"https:\/\/diarioavancetabasco.com\/index.php?rest_route=%2Fwp%2Fv2%2Fcategories&post=364256"},{"taxonomy":"post_tag","embeddable":true,"href":"https:\/\/diarioavancetabasco.com\/index.php?rest_route=%2Fwp%2Fv2%2Ftags&post=364256"}],"curies":[{"name":"wp","href":"https:\/\/api.w.org\/{rel}","templated":true}]}}