{"id":364258,"date":"2018-10-29T00:45:45","date_gmt":"2018-10-29T06:45:45","guid":{"rendered":"http:\/\/diarioavancetabasco.com\/?p=364258"},"modified":"2018-10-29T00:45:47","modified_gmt":"2018-10-29T06:45:47","slug":"a-consulta-aumento-a-tarifa-de-agua-potable","status":"publish","type":"post","link":"https:\/\/diarioavancetabasco.com\/?p=364258","title":{"rendered":"A \u201cconsulta\u201d aumento a tarifa de agua potable"},"content":{"rendered":"<p><!--\np.p1 {margin: 0.0px 0.0px 0.0px 0.0px; text-align: justify; line-height: 10.0px; font: 10.0px Whitman}\np.p2 {margin: 0.0px 0.0px 0.0px 0.0px; text-align: justify; text-indent: 6.0px; line-height: 10.0px; font: 10.0px Whitman}\nspan.s1 {letter-spacing: -0.2px}\n-->Antes de asumir la actitud de aumentar el precio de la tarifa del agua en el municipio de Centro, en alcalde Evaristo Hern\u00e1ndez Cruz, debe realizar un estudio sobre la viabilidad del mismo, se\u00f1al\u00f3 el dirigente estatal del PRI, Pedro Guti\u00e9rrez Guti\u00e9rrez.<\/p>\n<p>Se\u00f1al\u00f3 que el aumento a una tarifa por cualquier servicio siempre va a causar algo de inconformidad entre los ciudadanos.<\/p>\n<p>Por ello, Guti\u00e9rrez Guti\u00e9rrez, se pronunci\u00f3 a qu\u00e9 se haga los an\u00e1lisis correspondiente.<\/p>\n","protected":false},"excerpt":{"rendered":"<p>Antes de asumir la actitud de aumentar el precio de la tarifa del agua en el municipio de Centro, en alcalde Evaristo Hern\u00e1ndez Cruz, debe realizar un estudio sobre la viabilidad del mismo, se\u00f1al\u00f3 el dirigente estatal del PRI, Pedro Guti\u00e9rrez Guti\u00e9rrez. Se\u00f1al\u00f3 que el aumento a una tarifa por cualquier servicio siempre va a [&hellip;]<\/p>\n","protected":false},"author":2,"featured_media":364220,"comment_status":"closed","ping_status":"closed","sticky":false,"template":"","format":"standard","meta":{"footnotes":""},"categories":[9],"tags":[],"class_list":["post-364258","post","type-post","status-publish","format-standard","has-post-thumbnail","hentry","category-politica"],"_links":{"self":[{"href":"https:\/\/diarioavancetabasco.com\/index.php?rest_route=\/wp\/v2\/posts\/364258","targetHints":{"allow":["GET"]}}],"collection":[{"href":"https:\/\/diarioavancetabasco.com\/index.php?rest_route=\/wp\/v2\/posts"}],"about":[{"href":"https:\/\/diarioavancetabasco.com\/index.php?rest_route=\/wp\/v2\/types\/post"}],"author":[{"embeddable":true,"href":"https:\/\/diarioavancetabasco.com\/index.php?rest_route=\/wp\/v2\/users\/2"}],"replies":[{"embeddable":true,"href":"https:\/\/diarioavancetabasco.com\/index.php?rest_route=%2Fwp%2Fv2%2Fcomments&post=364258"}],"version-history":[{"count":2,"href":"https:\/\/diarioavancetabasco.com\/index.php?rest_route=\/wp\/v2\/posts\/364258\/revisions"}],"predecessor-version":[{"id":364293,"href":"https:\/\/diarioavancetabasco.com\/index.php?rest_route=\/wp\/v2\/posts\/364258\/revisions\/364293"}],"wp:featuredmedia":[{"embeddable":true,"href":"https:\/\/diarioavancetabasco.com\/index.php?rest_route=\/wp\/v2\/media\/364220"}],"wp:attachment":[{"href":"https:\/\/diarioavancetabasco.com\/index.php?rest_route=%2Fwp%2Fv2%2Fmedia&parent=364258"}],"wp:term":[{"taxonomy":"category","embeddable":true,"href":"https:\/\/diarioavancetabasco.com\/index.php?rest_route=%2Fwp%2Fv2%2Fcategories&post=364258"},{"taxonomy":"post_tag","embeddable":true,"href":"https:\/\/diarioavancetabasco.com\/index.php?rest_route=%2Fwp%2Fv2%2Ftags&post=364258"}],"curies":[{"name":"wp","href":"https:\/\/api.w.org\/{rel}","templated":true}]}}