{"id":364270,"date":"2018-10-29T00:51:54","date_gmt":"2018-10-29T06:51:54","guid":{"rendered":"http:\/\/diarioavancetabasco.com\/?p=364270"},"modified":"2018-10-29T00:52:06","modified_gmt":"2018-10-29T06:52:06","slug":"naim-en-santa-lucia","status":"publish","type":"post","link":"https:\/\/diarioavancetabasco.com\/?p=364270","title":{"rendered":"NAIM, en Santa Luc\u00eda"},"content":{"rendered":"<p><!--\np.p1 {margin: 0.0px 0.0px 0.0px 0.0px; text-align: justify; line-height: 10.0px; font: 52.0px Whitman}\np.p2 {margin: 0.0px 0.0px 0.0px 0.0px; text-align: justify; line-height: 10.0px; font: 10.0px Whitman}\np.p3 {margin: 0.0px 0.0px 0.0px 0.0px; text-align: justify; text-indent: 6.0px; line-height: 10.0px; font: 10.0px Whitman}\nspan.s1 {letter-spacing: -0.2px}\n-->Ser\u00e1 Santa Luc\u00eda la opci\u00f3n para el\u00a0Nuevo Aeropuerto Internacional de M\u00e9xico, luego de cuatro d\u00edas de la consulta ciudadana eM\u00e9xico DecideM para preguntar a los mexicanos sobre el destino de la obra.<\/p>\n<p>El presidente de la fundaci\u00f3n Arturo Rosenblueth, Enrique Calder\u00f3n Alzati, encargado de la consulta, inform\u00f3 que hasta esta noche han sido contadas un 98.18% del total de\u00a0un mill\u00f3n 67 mil votantes, de los cuales 310 mil 463 personas (29%) optaron por Texcoco, mientras que 747 mil votantes (69.95%) se inclinaron por la opci\u00f3n de Santa Luc\u00eda.<\/p>\n<p>Por su parte, el\u00a0vocero del presidente electo, Jes\u00fas Ram\u00edrez Cuevas,\u00a0agradeci\u00f3 a todos los involucrados en el ejercicio y asegur\u00f3 que la participaci\u00f3n super\u00f3 las expectativas.<\/p>\n<p>Previo al mensaje, comenzaron a arribar desde las 19:00 horas a las oficinas de la colonia Roma el futuro secretario de Hacienda, Carlos Urz\u00faa; de la SCT, Javier Jim\u00e9nez Espri\u00fa; el coordinador de la Oficina de la Presidencia, Alfonso Romo, as\u00ed como el futuro vocero presidencia, Jes\u00fas Ram\u00edrez Cuevas.<\/p>\n<p>Mientras que el presidente electo,\u00a0Andr\u00e9s Manuel L\u00f3pez Obrador, se retir\u00f3 de la casa de transici\u00f3n 30 minutos antes de darse a conocer los resultados.\u00a0 Fue del 25 al 28 de octubre cuando se llev\u00f3 a cabo la Consulta Nacional, para la cual se instalaron mil 73 mesas de votaci\u00f3n en 538 municipios de las 32 entidades de la Rep\u00fablica Mexicana.<\/p>\n","protected":false},"excerpt":{"rendered":"<p>Ser\u00e1 Santa Luc\u00eda la opci\u00f3n para el\u00a0Nuevo Aeropuerto Internacional de M\u00e9xico, luego de cuatro d\u00edas de la consulta ciudadana eM\u00e9xico DecideM para preguntar a los mexicanos sobre el destino de la obra. El presidente de la fundaci\u00f3n Arturo Rosenblueth, Enrique Calder\u00f3n Alzati, encargado de la consulta, inform\u00f3 que hasta esta noche han sido contadas un [&hellip;]<\/p>\n","protected":false},"author":2,"featured_media":0,"comment_status":"closed","ping_status":"closed","sticky":false,"template":"","format":"standard","meta":{"footnotes":""},"categories":[9],"tags":[],"class_list":["post-364270","post","type-post","status-publish","format-standard","hentry","category-politica"],"_links":{"self":[{"href":"https:\/\/diarioavancetabasco.com\/index.php?rest_route=\/wp\/v2\/posts\/364270","targetHints":{"allow":["GET"]}}],"collection":[{"href":"https:\/\/diarioavancetabasco.com\/index.php?rest_route=\/wp\/v2\/posts"}],"about":[{"href":"https:\/\/diarioavancetabasco.com\/index.php?rest_route=\/wp\/v2\/types\/post"}],"author":[{"embeddable":true,"href":"https:\/\/diarioavancetabasco.com\/index.php?rest_route=\/wp\/v2\/users\/2"}],"replies":[{"embeddable":true,"href":"https:\/\/diarioavancetabasco.com\/index.php?rest_route=%2Fwp%2Fv2%2Fcomments&post=364270"}],"version-history":[{"count":2,"href":"https:\/\/diarioavancetabasco.com\/index.php?rest_route=\/wp\/v2\/posts\/364270\/revisions"}],"predecessor-version":[{"id":364294,"href":"https:\/\/diarioavancetabasco.com\/index.php?rest_route=\/wp\/v2\/posts\/364270\/revisions\/364294"}],"wp:attachment":[{"href":"https:\/\/diarioavancetabasco.com\/index.php?rest_route=%2Fwp%2Fv2%2Fmedia&parent=364270"}],"wp:term":[{"taxonomy":"category","embeddable":true,"href":"https:\/\/diarioavancetabasco.com\/index.php?rest_route=%2Fwp%2Fv2%2Fcategories&post=364270"},{"taxonomy":"post_tag","embeddable":true,"href":"https:\/\/diarioavancetabasco.com\/index.php?rest_route=%2Fwp%2Fv2%2Ftags&post=364270"}],"curies":[{"name":"wp","href":"https:\/\/api.w.org\/{rel}","templated":true}]}}