{"id":364342,"date":"2018-10-30T00:58:13","date_gmt":"2018-10-30T06:58:13","guid":{"rendered":"http:\/\/diarioavancetabasco.com\/?p=364342"},"modified":"2018-10-30T00:58:20","modified_gmt":"2018-10-30T06:58:20","slug":"lo-que-se-hace-se-paga-zabaleta","status":"publish","type":"post","link":"https:\/\/diarioavancetabasco.com\/?p=364342","title":{"rendered":"Lo que se hace se paga: Zabaleta"},"content":{"rendered":"<p><!--\np.p1 {margin: 0.0px 0.0px 0.0px 0.0px; text-align: justify; line-height: 10.0px; font: 52.0px Whitman}\np.p2 {margin: 0.0px 0.0px 0.0px 0.0px; text-align: justify; line-height: 10.0px; font: 10.0px Whitman}\np.p3 {margin: 0.0px 0.0px 0.0px 0.0px; text-align: justify; text-indent: 6.0px; line-height: 10.0px; font: 10.0px Whitman}\nspan.s1 {letter-spacing: -0.3px}\n-->La sensual actriz y conductora Susana Zabaleta fue invitada recientemente al programa \u201cLa Saga\u201d en donde confirm\u00f3, muy a su manera, los rumores sobre el pleito que tuvo con la famosa productora Carla Estrada y Lucero.<\/p>\n<p>\u201c\u00bfYo con Lucero? No. Con Carla, yo no me \u2018 peli\u00e9\u2019 , pero est\u00e1bamos haciendo una escena y estaba Jorge Salinas acostado, entonces no s\u00e9 qu\u00e9 le dije: \u2018 Qu\u00e9 tal soy tu karma\u2019 , porque acab\u00e1bamos de hacer \u2018 Sexo, pudor y l\u00e1grimas\u2019 , y yo le dije: \u2018 Soy tu pin$%&amp;$ karma\u2019 , en eso entra una se\u00f1ora y dice: \u2018 Te o\u00ed, te o\u00ed lo que dijiste, dijiste pin\u00a2$%&amp; Carla, y entonces, Lucerito como es muy linda, dijo: \u2018 no s\u00e9, yo no o\u00ed nada\u2019 \u201c declar\u00f3 la guapa conductora, seg\u00fan el sitio de Tv Notas.<\/p>\n<p>Susana cont\u00f3 que le marc\u00f3 Bernado G\u00f3mez y le dijo \u201cPues te voy a tener que vetar, por lo que estuve en coma 180 cap\u00edtulos\u201d.<\/p>\n<p>Tras el veto de Televisa al inicio de los a\u00f1os 2000, la cantante regres\u00f3 a la empresa para conducir el programa \u201cSusana Adicci\u00f3n\u201d por Unicable. Tras varios a\u00f1os de estar en el gusto de sus fans, la emisi\u00f3n sali\u00f3 del aire.<\/p>\n","protected":false},"excerpt":{"rendered":"<p>La sensual actriz y conductora Susana Zabaleta fue invitada recientemente al programa \u201cLa Saga\u201d en donde confirm\u00f3, muy a su manera, los rumores sobre el pleito que tuvo con la famosa productora Carla Estrada y Lucero. \u201c\u00bfYo con Lucero? No. Con Carla, yo no me \u2018 peli\u00e9\u2019 , pero est\u00e1bamos haciendo una escena y estaba [&hellip;]<\/p>\n","protected":false},"author":2,"featured_media":364300,"comment_status":"closed","ping_status":"closed","sticky":false,"template":"","format":"standard","meta":{"footnotes":""},"categories":[11],"tags":[],"class_list":["post-364342","post","type-post","status-publish","format-standard","has-post-thumbnail","hentry","category-espectaculos"],"_links":{"self":[{"href":"https:\/\/diarioavancetabasco.com\/index.php?rest_route=\/wp\/v2\/posts\/364342","targetHints":{"allow":["GET"]}}],"collection":[{"href":"https:\/\/diarioavancetabasco.com\/index.php?rest_route=\/wp\/v2\/posts"}],"about":[{"href":"https:\/\/diarioavancetabasco.com\/index.php?rest_route=\/wp\/v2\/types\/post"}],"author":[{"embeddable":true,"href":"https:\/\/diarioavancetabasco.com\/index.php?rest_route=\/wp\/v2\/users\/2"}],"replies":[{"embeddable":true,"href":"https:\/\/diarioavancetabasco.com\/index.php?rest_route=%2Fwp%2Fv2%2Fcomments&post=364342"}],"version-history":[{"count":2,"href":"https:\/\/diarioavancetabasco.com\/index.php?rest_route=\/wp\/v2\/posts\/364342\/revisions"}],"predecessor-version":[{"id":364381,"href":"https:\/\/diarioavancetabasco.com\/index.php?rest_route=\/wp\/v2\/posts\/364342\/revisions\/364381"}],"wp:featuredmedia":[{"embeddable":true,"href":"https:\/\/diarioavancetabasco.com\/index.php?rest_route=\/wp\/v2\/media\/364300"}],"wp:attachment":[{"href":"https:\/\/diarioavancetabasco.com\/index.php?rest_route=%2Fwp%2Fv2%2Fmedia&parent=364342"}],"wp:term":[{"taxonomy":"category","embeddable":true,"href":"https:\/\/diarioavancetabasco.com\/index.php?rest_route=%2Fwp%2Fv2%2Fcategories&post=364342"},{"taxonomy":"post_tag","embeddable":true,"href":"https:\/\/diarioavancetabasco.com\/index.php?rest_route=%2Fwp%2Fv2%2Ftags&post=364342"}],"curies":[{"name":"wp","href":"https:\/\/api.w.org\/{rel}","templated":true}]}}