{"id":364344,"date":"2018-10-30T00:59:38","date_gmt":"2018-10-30T06:59:38","guid":{"rendered":"http:\/\/diarioavancetabasco.com\/?p=364344"},"modified":"2018-10-30T00:59:38","modified_gmt":"2018-10-30T06:59:38","slug":"rebecca-jones-podria-encarnar-a-la-villana-catalina-creel","status":"publish","type":"post","link":"https:\/\/diarioavancetabasco.com\/?p=364344","title":{"rendered":"Rebecca Jones podr\u00eda encarnar a la villana \u201cCatalina Creel\u201d"},"content":{"rendered":"<p><!--\np.p1 {margin: 0.0px 0.0px 0.0px 0.0px; text-align: justify; line-height: 10.0px; font: 10.0px Whitman}\np.p2 {margin: 0.0px 0.0px 0.0px 0.0px; text-align: justify; text-indent: 6.0px; line-height: 10.0px; font: 10.0px Whitman}\nspan.s1 {letter-spacing: -0.3px}\n-->Rebecca Jones podr\u00eda regresar a la televisi\u00f3n mexicana con una s\u00faper villana, posiblemente \u201cCatalina Creel\u201d en la nueva versi\u00f3n de \u201cCuna de Lobos\u201d.<\/p>\n<p>De acuerdo con TvNotas, a Jones le encanta la idea de personificar a una gran villana de las telenovelas, que incluso es considerado un personaje que marc\u00f3 generaciones enteras.<\/p>\n<p>Al ser cuestionada por su posible participaci\u00f3n en la producci\u00f3n de Giselle Gonz\u00e1lez, Rebeca se\u00f1al\u00f3 \u201cYo no s\u00e9 nada de eso (&#8230;) Yo s\u00ed platiqu\u00e9 con Giselle Gonz\u00e1lez, quien es quien la va a producir, que no puede ser una adaptaci\u00f3n sino una versi\u00f3n. Por que es un tema que est\u00e1 muy caliente con el p\u00fablico, pero yo conf\u00edo. A m\u00ed me fascinar\u00eda hacerla, s\u00ed me gustar\u00eda\u201d.<\/p>\n<p>De la misma manera, la histri\u00f3n habl\u00f3 sobre el c\u00e1ncer que padece y revel\u00f3 que ya no usar\u00e1 la peluca que portaba, ya que desea que \u201csu cabello crezca de manera natural\u201d.<\/p>\n","protected":false},"excerpt":{"rendered":"<p>Rebecca Jones podr\u00eda regresar a la televisi\u00f3n mexicana con una s\u00faper villana, posiblemente \u201cCatalina Creel\u201d en la nueva versi\u00f3n de \u201cCuna de Lobos\u201d. De acuerdo con TvNotas, a Jones le encanta la idea de personificar a una gran villana de las telenovelas, que incluso es considerado un personaje que marc\u00f3 generaciones enteras. Al ser cuestionada [&hellip;]<\/p>\n","protected":false},"author":2,"featured_media":364304,"comment_status":"closed","ping_status":"closed","sticky":false,"template":"","format":"standard","meta":{"footnotes":""},"categories":[11],"tags":[],"class_list":["post-364344","post","type-post","status-publish","format-standard","has-post-thumbnail","hentry","category-espectaculos"],"_links":{"self":[{"href":"https:\/\/diarioavancetabasco.com\/index.php?rest_route=\/wp\/v2\/posts\/364344","targetHints":{"allow":["GET"]}}],"collection":[{"href":"https:\/\/diarioavancetabasco.com\/index.php?rest_route=\/wp\/v2\/posts"}],"about":[{"href":"https:\/\/diarioavancetabasco.com\/index.php?rest_route=\/wp\/v2\/types\/post"}],"author":[{"embeddable":true,"href":"https:\/\/diarioavancetabasco.com\/index.php?rest_route=\/wp\/v2\/users\/2"}],"replies":[{"embeddable":true,"href":"https:\/\/diarioavancetabasco.com\/index.php?rest_route=%2Fwp%2Fv2%2Fcomments&post=364344"}],"version-history":[{"count":2,"href":"https:\/\/diarioavancetabasco.com\/index.php?rest_route=\/wp\/v2\/posts\/364344\/revisions"}],"predecessor-version":[{"id":364382,"href":"https:\/\/diarioavancetabasco.com\/index.php?rest_route=\/wp\/v2\/posts\/364344\/revisions\/364382"}],"wp:featuredmedia":[{"embeddable":true,"href":"https:\/\/diarioavancetabasco.com\/index.php?rest_route=\/wp\/v2\/media\/364304"}],"wp:attachment":[{"href":"https:\/\/diarioavancetabasco.com\/index.php?rest_route=%2Fwp%2Fv2%2Fmedia&parent=364344"}],"wp:term":[{"taxonomy":"category","embeddable":true,"href":"https:\/\/diarioavancetabasco.com\/index.php?rest_route=%2Fwp%2Fv2%2Fcategories&post=364344"},{"taxonomy":"post_tag","embeddable":true,"href":"https:\/\/diarioavancetabasco.com\/index.php?rest_route=%2Fwp%2Fv2%2Ftags&post=364344"}],"curies":[{"name":"wp","href":"https:\/\/api.w.org\/{rel}","templated":true}]}}