{"id":364385,"date":"2018-10-31T00:05:58","date_gmt":"2018-10-31T06:05:58","guid":{"rendered":"http:\/\/diarioavancetabasco.com\/?p=364385"},"modified":"2018-10-31T00:06:15","modified_gmt":"2018-10-31T06:06:15","slug":"transformacion-real","status":"publish","type":"post","link":"https:\/\/diarioavancetabasco.com\/?p=364385","title":{"rendered":"Transformaci\u00f3n real"},"content":{"rendered":"<p><!--\np.p1 {margin: 0.0px 0.0px 0.0px 0.0px; line-height: 10.0px; font: 52.0px Whitman}\np.p2 {margin: 0.0px 0.0px 0.0px 0.0px; line-height: 10.0px; font: 10.0px Whitman}\nspan.s1 {letter-spacing: -0.4px}\n-->Felipa Nery<\/p>\n<p>El anuncio que hizo el presidente electo Andr\u00e9s Manuel L\u00f3pez el lunes pasado, luego de conocerse los resultados de la consulta ciudadana, en la que 310 mil 463 votaron por continuar la construcci\u00f3n del aeropuerto de Texcoco y 747 mil votaron a favor de Santa Luc\u00eda, es una muestra de que est\u00e1 dispuesto a cumplir con los compromisos de campa\u00f1a, pero no s\u00f3lo de esta \u00faltima, sino los compromisos que ha hecho con el pueblo desde la primera vez, en 2006\u00a0 que aspir\u00f3 a ser presidente de la Rep\u00fablica y los due\u00f1os del poder econ\u00f3mico de este pa\u00eds, le metieron el pie, para impedir su acceso a la Presidencia, para no dejar de perder el control que ten\u00edan sobre el poder pol\u00edtico, al que ten\u00edan cooptado, no s\u00f3lo desde los gobiernos del PRI, sino tambi\u00e9n desde los gobiernos panistas. Desde campa\u00f1a, Andr\u00e9s Manuel propuso la separaci\u00f3n entre el poder pol\u00edtico y el poder econ\u00f3mico, pues aseguraba que exist\u00eda un grupo empresarial que quer\u00eda mantener sus privilegios y por ello financiaban la guerra sucia en su contra, como lo hicieron en 2006, cuando desalentaron el voto a su favor, porque a trav\u00e9s de la campa\u00f1a del miedo que pagaron en radio y televisi\u00f3n, hicieron creer a la poblaci\u00f3n que era un \u201cpeligro para M\u00e9xico\u201d. L\u00f3pez Obrador se comprometi\u00f3 a fomentar la diversidad de actores en el sector empresarial, para que existieran condiciones para una verdadera competencia, asegur\u00f3 que no est\u00e1 en contra de empresarios, ni de la globalizaci\u00f3n. Incluso, cuando present\u00f3 su plan de desarrollo econ\u00f3mico, corresponsabiliz\u00f3 al sector empresarial del problema de la inseguridad y la violencia, porque \u201cse han dedicado a robar y a saquear y se abandon\u00f3 al pueblo\u201d, habr\u00eda dicho durante su participaci\u00f3n en la 59 Semana de la Radio y la Televisi\u00f3n. El lunes, despu\u00e9s de anunciar c\u00f3mo se resolver\u00e1 el problema de saturaci\u00f3n del aeropuerto internacional de la Ciudad de M\u00e9xico, con la construcci\u00f3n de dos pistas en Santa Luc\u00eda y el mejoramiento de los aeropuertos de Toluca y de la misma CDM, el presidente electo reiter\u00f3 su compromiso de que exista esa separaci\u00f3n entre el poder econ\u00f3mico y el pol\u00edtico; pero ayer fue m\u00e1s all\u00e1, dijo que no ser\u00e1 florero, ni adorno. Es decir, que ser\u00e1 un Presidente que tome decisiones, como lo ha ofrecido, en beneficio de las mayor\u00edas de los mexicanos, esto lo dijo, luego de afirmar que los empresarios est\u00e1n molestos, no tanto por la cancelaci\u00f3n de la obra de Texcoco, sino porque ya ten\u00edan planes para construir un proyecto como Santa Fe, donde est\u00e1 el actual aeropuerto. Esta decisi\u00f3n del Presidente tabasque\u00f1o, de separar al poder econ\u00f3mico del pol\u00edtico, se asemeja a la decisi\u00f3n que en su momento tom\u00f3 Benito Ju\u00e1rez, de separar a la iglesia cat\u00f3lica del poder pol\u00edtico y nacionalizar sus bienes, pues esta ten\u00eda mayor poder que el Presidente, por los recursos econ\u00f3micos que ostentaba, por lo que el gobierno ten\u00eda que irle a pedir prestado a la iglesia, para hacer frente a sus compromisos econ\u00f3micos; habr\u00e1 que recordar la guerra que desat\u00f3 esta decisi\u00f3n en aquel entonces, en la lucha de la iglesia, por no perder el poder pol\u00edtico y econ\u00f3mico. Hoy, la guerra es de descalificaciones al presidente electo.<\/p>\n","protected":false},"excerpt":{"rendered":"<p>Felipa Nery El anuncio que hizo el presidente electo Andr\u00e9s Manuel L\u00f3pez el lunes pasado, luego de conocerse los resultados de la consulta ciudadana, en la que 310 mil 463 votaron por continuar la construcci\u00f3n del aeropuerto de Texcoco y 747 mil votaron a favor de Santa Luc\u00eda, es una muestra de que est\u00e1 dispuesto [&hellip;]<\/p>\n","protected":false},"author":2,"featured_media":364313,"comment_status":"closed","ping_status":"closed","sticky":false,"template":"","format":"standard","meta":{"footnotes":""},"categories":[9],"tags":[],"class_list":["post-364385","post","type-post","status-publish","format-standard","has-post-thumbnail","hentry","category-politica"],"_links":{"self":[{"href":"https:\/\/diarioavancetabasco.com\/index.php?rest_route=\/wp\/v2\/posts\/364385","targetHints":{"allow":["GET"]}}],"collection":[{"href":"https:\/\/diarioavancetabasco.com\/index.php?rest_route=\/wp\/v2\/posts"}],"about":[{"href":"https:\/\/diarioavancetabasco.com\/index.php?rest_route=\/wp\/v2\/types\/post"}],"author":[{"embeddable":true,"href":"https:\/\/diarioavancetabasco.com\/index.php?rest_route=\/wp\/v2\/users\/2"}],"replies":[{"embeddable":true,"href":"https:\/\/diarioavancetabasco.com\/index.php?rest_route=%2Fwp%2Fv2%2Fcomments&post=364385"}],"version-history":[{"count":2,"href":"https:\/\/diarioavancetabasco.com\/index.php?rest_route=\/wp\/v2\/posts\/364385\/revisions"}],"predecessor-version":[{"id":364451,"href":"https:\/\/diarioavancetabasco.com\/index.php?rest_route=\/wp\/v2\/posts\/364385\/revisions\/364451"}],"wp:featuredmedia":[{"embeddable":true,"href":"https:\/\/diarioavancetabasco.com\/index.php?rest_route=\/wp\/v2\/media\/364313"}],"wp:attachment":[{"href":"https:\/\/diarioavancetabasco.com\/index.php?rest_route=%2Fwp%2Fv2%2Fmedia&parent=364385"}],"wp:term":[{"taxonomy":"category","embeddable":true,"href":"https:\/\/diarioavancetabasco.com\/index.php?rest_route=%2Fwp%2Fv2%2Fcategories&post=364385"},{"taxonomy":"post_tag","embeddable":true,"href":"https:\/\/diarioavancetabasco.com\/index.php?rest_route=%2Fwp%2Fv2%2Ftags&post=364385"}],"curies":[{"name":"wp","href":"https:\/\/api.w.org\/{rel}","templated":true}]}}