{"id":364408,"date":"2018-10-31T00:37:39","date_gmt":"2018-10-31T06:37:39","guid":{"rendered":"http:\/\/diarioavancetabasco.com\/?p=364408"},"modified":"2018-10-31T00:37:42","modified_gmt":"2018-10-31T06:37:42","slug":"recibe-epn-cartas-credenciales-de-17-nuevos-embajadores","status":"publish","type":"post","link":"https:\/\/diarioavancetabasco.com\/?p=364408","title":{"rendered":"Recibe EPN cartas credenciales de 17 nuevos embajadores"},"content":{"rendered":"<p><!--\np.p1 {margin: 0.0px 0.0px 0.0px 0.0px; text-align: justify; text-indent: 6.0px; line-height: 10.0px; font: 10.0px Whitman}\np.p2 {margin: 0.0px 0.0px 0.0px 0.0px; text-align: justify; text-indent: 6.0px; line-height: 10.0px; font: 10.0px Whitman; min-height: 12.0px}\nspan.s1 {letter-spacing: -0.2px}\n-->El presidente Enrique Pe\u00f1a Nieto recibi\u00f3 las cartas credenciales de 17 nuevos embajadores acreditados en M\u00e9xico, en una ceremonia que se realiz\u00f3 en Palacio Nacional.<\/p>\n<p>El mandatario dio la bienvenida formal a M\u00e9xico a los nuevos representantes de 17 pa\u00edses, quienes con este acto iniciaron de manera legal su misi\u00f3n como embajadores, con apego al art\u00edculo 13 de la Convenci\u00f3n de Viena sobre Relaciones Diplom\u00e1ticas.<\/p>\n<p>Presentaron sus cartas credenciales los embajadores Carlos Enrique C\u00e1ceres Ch\u00e1vez, de la Rep\u00fablica de El Salvador; Domingo Arteaga Echeverr\u00eda, de la Rep\u00fablica de Chile; Lars Steen Nielsen, del Reino de Dinamarca; Viktor V.Koronelli, de la Federaci\u00f3n de Rusia, y Muzafar Shah Mustafa, de Malasia.<\/p>\n<p>Tambi\u00e9n recibi\u00f3 a Maciej Tadeusz Zitara, de la Rep\u00fablica de Polonia; Eric Mayoraz, de la Confederaci\u00f3n Suiza; Juan L\u00f3pez-Doriga P\u00e9rez, del Reino de Espa\u00f1a; Jason Keats Hall, de Jamaica; Peter Tempel, de la Rep\u00fablica Federal de Alemania; Corin Jean Stella Robertson, del Reino Unido de la Gran Breta\u00f1a e Irlanda del Norte, y Mohammed Jassim M.A. Al-Kuwari, del Estado de Qatar.<\/p>\n<p>Pe\u00f1a Nieto tambi\u00e9n acept\u00f3 las cartas credenciales de los embajadores no residentes de Mathilde Mukantabana, de la Rep\u00fablica de Rwanda; Sooroojdev Phokeer, de la Rep\u00fablica de Mauricio; Nebojsa Kaludjerovic, de Montenegro; Hector Ruffin Sedozan Festus Posset, de la Rep\u00fablica de Benin, y Barfuor Adjei-Barwuah, de la Rep\u00fablica de Ghana.<\/p>\n<p>La presentaci\u00f3n de los diplom\u00e1ticos estuvo a cargo de Juan Carlos Lara Armienta, director general de Protocolo, y despu\u00e9s de recibir las cartas credenciales, el jefe del Ejecutivo federal sostuvo un di\u00e1logo bilateral con cada uno de los embajadores, quienes posteriormente presentaron a sus acompa\u00f1antes.<\/p>\n<p>&nbsp;<\/p>\n","protected":false},"excerpt":{"rendered":"<p>El presidente Enrique Pe\u00f1a Nieto recibi\u00f3 las cartas credenciales de 17 nuevos embajadores acreditados en M\u00e9xico, en una ceremonia que se realiz\u00f3 en Palacio Nacional. El mandatario dio la bienvenida formal a M\u00e9xico a los nuevos representantes de 17 pa\u00edses, quienes con este acto iniciaron de manera legal su misi\u00f3n como embajadores, con apego al [&hellip;]<\/p>\n","protected":false},"author":2,"featured_media":364399,"comment_status":"closed","ping_status":"closed","sticky":false,"template":"","format":"standard","meta":{"footnotes":""},"categories":[3],"tags":[],"class_list":["post-364408","post","type-post","status-publish","format-standard","has-post-thumbnail","hentry","category-nacional"],"_links":{"self":[{"href":"https:\/\/diarioavancetabasco.com\/index.php?rest_route=\/wp\/v2\/posts\/364408","targetHints":{"allow":["GET"]}}],"collection":[{"href":"https:\/\/diarioavancetabasco.com\/index.php?rest_route=\/wp\/v2\/posts"}],"about":[{"href":"https:\/\/diarioavancetabasco.com\/index.php?rest_route=\/wp\/v2\/types\/post"}],"author":[{"embeddable":true,"href":"https:\/\/diarioavancetabasco.com\/index.php?rest_route=\/wp\/v2\/users\/2"}],"replies":[{"embeddable":true,"href":"https:\/\/diarioavancetabasco.com\/index.php?rest_route=%2Fwp%2Fv2%2Fcomments&post=364408"}],"version-history":[{"count":2,"href":"https:\/\/diarioavancetabasco.com\/index.php?rest_route=\/wp\/v2\/posts\/364408\/revisions"}],"predecessor-version":[{"id":364454,"href":"https:\/\/diarioavancetabasco.com\/index.php?rest_route=\/wp\/v2\/posts\/364408\/revisions\/364454"}],"wp:featuredmedia":[{"embeddable":true,"href":"https:\/\/diarioavancetabasco.com\/index.php?rest_route=\/wp\/v2\/media\/364399"}],"wp:attachment":[{"href":"https:\/\/diarioavancetabasco.com\/index.php?rest_route=%2Fwp%2Fv2%2Fmedia&parent=364408"}],"wp:term":[{"taxonomy":"category","embeddable":true,"href":"https:\/\/diarioavancetabasco.com\/index.php?rest_route=%2Fwp%2Fv2%2Fcategories&post=364408"},{"taxonomy":"post_tag","embeddable":true,"href":"https:\/\/diarioavancetabasco.com\/index.php?rest_route=%2Fwp%2Fv2%2Ftags&post=364408"}],"curies":[{"name":"wp","href":"https:\/\/api.w.org\/{rel}","templated":true}]}}