{"id":364471,"date":"2018-10-31T21:49:43","date_gmt":"2018-11-01T03:49:43","guid":{"rendered":"http:\/\/diarioavancetabasco.com\/?p=364471"},"modified":"2018-10-31T21:51:16","modified_gmt":"2018-11-01T03:51:16","slug":"mantiene-presion-contra-mexico","status":"publish","type":"post","link":"https:\/\/diarioavancetabasco.com\/?p=364471","title":{"rendered":"Mantiene presi\u00f3n contra M\u00e9xico"},"content":{"rendered":"<style type=\"text\/css\"><!--\np.p1 {margin: 0.0px 0.0px 0.0px 0.0px; text-align: justify; line-height: 10.0px; font: 52.0px Whitman}\np.p2 {margin: 0.0px 0.0px 0.0px 0.0px; text-align: justify; line-height: 10.0px; font: 10.0px Whitman}\np.p3 {margin: 0.0px 0.0px 0.0px 0.0px; text-align: justify; text-indent: 6.0px; line-height: 10.0px; font: 10.0px Whitman}\n--><\/style>\n<p>El presidente Donald Trump, busc\u00f3 este mi\u00e9rcoles crear una presi\u00f3n adicional para que M\u00e9xico enfrente a los grupos de migrantes que se dirigen a Estados Unidos, en momentos en que la campa\u00f1a para las elecciones de mitad de mandato entr\u00f3 en la recta final.<\/p>\n<p>Trump ha elegido el tema de la inmigraci\u00f3n como eje del debate en unas elecciones que se anuncian re\u00f1idas y en las que el oficialista Partido Republicano podr\u00eda perder el control del Congreso.<\/p>\n<p>\u201cLas caravanas est\u00e1n formadas por algunos guerreros muy curtidos y otras personas. Pelearon con dureza y agresividad contra M\u00e9xico en la frontera norte para abrirse paso. Los soldados mexicanos heridos, no pudieron o no quisieron detener la caravana\u201d, dijo Trump en Twitter este mi\u00e9rcoles.<\/p>\n<p>\u201cDeber\u00edan detenerlos antes de que lleguen a nuestra frontera pero, \u00a1no lo har\u00e1n!\u201d, advirti\u00f3 el presidente estadounidense.<\/p>\n<p>El martes, Trump anunci\u00f3 que podr\u00eda abolir por decreto el derecho constitucional a la ciudadan\u00eda para todos los que nacen en territorio estadounidense, un d\u00eda despu\u00e9s de que el Pent\u00e1gono anunci\u00f3 el env\u00edo m\u00e1s de cinco mil efectivos a la frontera sur para hacer frente a lo que Trump denunci\u00f3 como una \u201cinvasi\u00f3n\u201d de migrantes.<\/p>\n<p>La caravana de migrantes a la que refiere Trump todav\u00eda transita por el sur de M\u00e9xico, en el estado de Oaxaca, a miles de kil\u00f3metros de la frontera con Estados Unidos.<\/p>\n","protected":false},"excerpt":{"rendered":"<p>El presidente Donald Trump, busc\u00f3 este mi\u00e9rcoles crear una presi\u00f3n adicional para que M\u00e9xico enfrente a los grupos de migrantes que se dirigen a Estados Unidos, en momentos en que la campa\u00f1a para las elecciones de mitad de mandato entr\u00f3 en la recta final. Trump ha elegido el tema de la inmigraci\u00f3n como eje del [&hellip;]<\/p>\n","protected":false},"author":2,"featured_media":364478,"comment_status":"closed","ping_status":"closed","sticky":false,"template":"","format":"standard","meta":{"footnotes":""},"categories":[4],"tags":[],"class_list":["post-364471","post","type-post","status-publish","format-standard","has-post-thumbnail","hentry","category-mundo"],"_links":{"self":[{"href":"https:\/\/diarioavancetabasco.com\/index.php?rest_route=\/wp\/v2\/posts\/364471","targetHints":{"allow":["GET"]}}],"collection":[{"href":"https:\/\/diarioavancetabasco.com\/index.php?rest_route=\/wp\/v2\/posts"}],"about":[{"href":"https:\/\/diarioavancetabasco.com\/index.php?rest_route=\/wp\/v2\/types\/post"}],"author":[{"embeddable":true,"href":"https:\/\/diarioavancetabasco.com\/index.php?rest_route=\/wp\/v2\/users\/2"}],"replies":[{"embeddable":true,"href":"https:\/\/diarioavancetabasco.com\/index.php?rest_route=%2Fwp%2Fv2%2Fcomments&post=364471"}],"version-history":[{"count":2,"href":"https:\/\/diarioavancetabasco.com\/index.php?rest_route=\/wp\/v2\/posts\/364471\/revisions"}],"predecessor-version":[{"id":364490,"href":"https:\/\/diarioavancetabasco.com\/index.php?rest_route=\/wp\/v2\/posts\/364471\/revisions\/364490"}],"wp:featuredmedia":[{"embeddable":true,"href":"https:\/\/diarioavancetabasco.com\/index.php?rest_route=\/wp\/v2\/media\/364478"}],"wp:attachment":[{"href":"https:\/\/diarioavancetabasco.com\/index.php?rest_route=%2Fwp%2Fv2%2Fmedia&parent=364471"}],"wp:term":[{"taxonomy":"category","embeddable":true,"href":"https:\/\/diarioavancetabasco.com\/index.php?rest_route=%2Fwp%2Fv2%2Fcategories&post=364471"},{"taxonomy":"post_tag","embeddable":true,"href":"https:\/\/diarioavancetabasco.com\/index.php?rest_route=%2Fwp%2Fv2%2Ftags&post=364471"}],"curies":[{"name":"wp","href":"https:\/\/api.w.org\/{rel}","templated":true}]}}