{"id":364651,"date":"2018-11-05T21:45:50","date_gmt":"2018-11-06T03:45:50","guid":{"rendered":"http:\/\/diarioavancetabasco.com\/?p=364651"},"modified":"2018-11-05T21:45:50","modified_gmt":"2018-11-06T03:45:50","slug":"presidente-de-cuba-visita-corea-del-norte","status":"publish","type":"post","link":"https:\/\/diarioavancetabasco.com\/?p=364651","title":{"rendered":"Presidente de Cuba visita Corea del Norte"},"content":{"rendered":"<style type=\"text\/css\"><!--\np.p1 {margin: 0.0px 0.0px 0.0px 0.0px; text-align: justify; line-height: 10.0px; font: 10.0px Whitman}\np.p2 {margin: 0.0px 0.0px 0.0px 0.0px; text-align: justify; text-indent: 6.0px; line-height: 10.0px; font: 10.0px Whitman}\nspan.s1 {letter-spacing: -0.4px}\n--><\/style>\n<p>El presidente cubano, Miguel D\u00edaz-Canel, y el l\u00edder norcoreano, Kim Jong Un, se reunieron en Pyongyang \u201cen un ambiente de camarader\u00eda y amistad\u201d y han acordado estrechar la cooperaci\u00f3n bilateral, inform\u00f3 hoy la agencia norcoreana de noticias KCNA.<\/p>\n<p>Kim y D\u00edaz-Canel expresaron su apoyo y solidaridad rec\u00edproca e intercambiaron puntos de vista sobre temas de inter\u00e9s com\u00fan y sobre la situaci\u00f3n internacional.<\/p>\n","protected":false},"excerpt":{"rendered":"<p>El presidente cubano, Miguel D\u00edaz-Canel, y el l\u00edder norcoreano, Kim Jong Un, se reunieron en Pyongyang \u201cen un ambiente de camarader\u00eda y amistad\u201d y han acordado estrechar la cooperaci\u00f3n bilateral, inform\u00f3 hoy la agencia norcoreana de noticias KCNA. Kim y D\u00edaz-Canel expresaron su apoyo y solidaridad rec\u00edproca e intercambiaron puntos de vista sobre temas de [&hellip;]<\/p>\n","protected":false},"author":2,"featured_media":364638,"comment_status":"closed","ping_status":"closed","sticky":false,"template":"","format":"standard","meta":{"footnotes":""},"categories":[4],"tags":[],"class_list":["post-364651","post","type-post","status-publish","format-standard","has-post-thumbnail","hentry","category-mundo"],"_links":{"self":[{"href":"https:\/\/diarioavancetabasco.com\/index.php?rest_route=\/wp\/v2\/posts\/364651","targetHints":{"allow":["GET"]}}],"collection":[{"href":"https:\/\/diarioavancetabasco.com\/index.php?rest_route=\/wp\/v2\/posts"}],"about":[{"href":"https:\/\/diarioavancetabasco.com\/index.php?rest_route=\/wp\/v2\/types\/post"}],"author":[{"embeddable":true,"href":"https:\/\/diarioavancetabasco.com\/index.php?rest_route=\/wp\/v2\/users\/2"}],"replies":[{"embeddable":true,"href":"https:\/\/diarioavancetabasco.com\/index.php?rest_route=%2Fwp%2Fv2%2Fcomments&post=364651"}],"version-history":[{"count":1,"href":"https:\/\/diarioavancetabasco.com\/index.php?rest_route=\/wp\/v2\/posts\/364651\/revisions"}],"predecessor-version":[{"id":364652,"href":"https:\/\/diarioavancetabasco.com\/index.php?rest_route=\/wp\/v2\/posts\/364651\/revisions\/364652"}],"wp:featuredmedia":[{"embeddable":true,"href":"https:\/\/diarioavancetabasco.com\/index.php?rest_route=\/wp\/v2\/media\/364638"}],"wp:attachment":[{"href":"https:\/\/diarioavancetabasco.com\/index.php?rest_route=%2Fwp%2Fv2%2Fmedia&parent=364651"}],"wp:term":[{"taxonomy":"category","embeddable":true,"href":"https:\/\/diarioavancetabasco.com\/index.php?rest_route=%2Fwp%2Fv2%2Fcategories&post=364651"},{"taxonomy":"post_tag","embeddable":true,"href":"https:\/\/diarioavancetabasco.com\/index.php?rest_route=%2Fwp%2Fv2%2Ftags&post=364651"}],"curies":[{"name":"wp","href":"https:\/\/api.w.org\/{rel}","templated":true}]}}