{"id":364667,"date":"2018-11-06T00:51:55","date_gmt":"2018-11-06T06:51:55","guid":{"rendered":"http:\/\/diarioavancetabasco.com\/?p=364667"},"modified":"2018-11-06T00:52:17","modified_gmt":"2018-11-06T06:52:17","slug":"baja-recaudacion-en-cardenas","status":"publish","type":"post","link":"https:\/\/diarioavancetabasco.com\/?p=364667","title":{"rendered":"Baja recaudaci\u00f3n en C\u00e1rdenas"},"content":{"rendered":"<p><!--\np.p1 {margin: 0.0px 0.0px 0.0px 0.0px; text-align: justify; line-height: 10.0px; font: 52.0px Whitman}\np.p2 {margin: 0.0px 0.0px 0.0px 0.0px; text-align: justify; line-height: 10.0px; font: 10.0px Whitman}\np.p3 {margin: 0.0px 0.0px 0.0px 0.0px; text-align: justify; text-indent: 6.0px; line-height: 10.0px; font: 10.0px Whitman}\n-->C\u00c1RDENAS, TAB.- El fortalecimiento de la hacienda p\u00fablica del municipio va enfocada en dos vertientes, la primera en optimizar los recursos que la administraci\u00f3n va logrando a trav\u00e9s de la austeridad aplicada desde un inicio y la recaudaci\u00f3n de los impuestos ciudadanos, que a \u00faltimas fechas ha deca\u00eddo, provocando recortes al presupuesto gubernamental que se maneja.<\/p>\n<p>As\u00ed lo manifest\u00f3 el alcalde Armando Beltr\u00e1n Tenorio en breve entrevista quin reitero que debido la situaci\u00f3n financiera del municipio es p\u00e9sima \u201cestamos trabajando a marchas forzadas para optimizar los recursos, vamos abonando a los pasivos con proveedores, a los laudos ya igual la comisi\u00f3n federal nos hizo un aviso del corte del suministro, no es nada alentadora la situaci\u00f3n, pero estamos trabajando fuertemente\u201d apunto.<\/p>\n<p>En este sentido Beltr\u00e1n Tenorio, hizo un llamado a la ciudadan\u00eda socialmente responsable a evitar los pagos a la mano \u201ctenemos que hacer que los dineros lleguen a las finanzas municipales, para que evitar los recortes que el gobierno aplica por baja recaudaci\u00f3n, hay que recordar q por cada peso que entra en ventanilla, el estado nos devuelve otro peso, pero ahora ha sido diferente por la baja recaudaci\u00f3n\u201d subrayo.<\/p>\n","protected":false},"excerpt":{"rendered":"<p>C\u00c1RDENAS, TAB.- El fortalecimiento de la hacienda p\u00fablica del municipio va enfocada en dos vertientes, la primera en optimizar los recursos que la administraci\u00f3n va logrando a trav\u00e9s de la austeridad aplicada desde un inicio y la recaudaci\u00f3n de los impuestos ciudadanos, que a \u00faltimas fechas ha deca\u00eddo, provocando recortes al presupuesto gubernamental que se [&hellip;]<\/p>\n","protected":false},"author":2,"featured_media":364639,"comment_status":"closed","ping_status":"closed","sticky":false,"template":"","format":"standard","meta":{"footnotes":""},"categories":[12],"tags":[],"class_list":["post-364667","post","type-post","status-publish","format-standard","has-post-thumbnail","hentry","category-municipios"],"_links":{"self":[{"href":"https:\/\/diarioavancetabasco.com\/index.php?rest_route=\/wp\/v2\/posts\/364667","targetHints":{"allow":["GET"]}}],"collection":[{"href":"https:\/\/diarioavancetabasco.com\/index.php?rest_route=\/wp\/v2\/posts"}],"about":[{"href":"https:\/\/diarioavancetabasco.com\/index.php?rest_route=\/wp\/v2\/types\/post"}],"author":[{"embeddable":true,"href":"https:\/\/diarioavancetabasco.com\/index.php?rest_route=\/wp\/v2\/users\/2"}],"replies":[{"embeddable":true,"href":"https:\/\/diarioavancetabasco.com\/index.php?rest_route=%2Fwp%2Fv2%2Fcomments&post=364667"}],"version-history":[{"count":2,"href":"https:\/\/diarioavancetabasco.com\/index.php?rest_route=\/wp\/v2\/posts\/364667\/revisions"}],"predecessor-version":[{"id":364698,"href":"https:\/\/diarioavancetabasco.com\/index.php?rest_route=\/wp\/v2\/posts\/364667\/revisions\/364698"}],"wp:featuredmedia":[{"embeddable":true,"href":"https:\/\/diarioavancetabasco.com\/index.php?rest_route=\/wp\/v2\/media\/364639"}],"wp:attachment":[{"href":"https:\/\/diarioavancetabasco.com\/index.php?rest_route=%2Fwp%2Fv2%2Fmedia&parent=364667"}],"wp:term":[{"taxonomy":"category","embeddable":true,"href":"https:\/\/diarioavancetabasco.com\/index.php?rest_route=%2Fwp%2Fv2%2Fcategories&post=364667"},{"taxonomy":"post_tag","embeddable":true,"href":"https:\/\/diarioavancetabasco.com\/index.php?rest_route=%2Fwp%2Fv2%2Ftags&post=364667"}],"curies":[{"name":"wp","href":"https:\/\/api.w.org\/{rel}","templated":true}]}}