{"id":364732,"date":"2018-11-07T00:58:20","date_gmt":"2018-11-07T06:58:20","guid":{"rendered":"http:\/\/diarioavancetabasco.com\/?p=364732"},"modified":"2018-11-07T00:58:21","modified_gmt":"2018-11-07T06:58:21","slug":"se-reunio-lider-del-sitet-con-burelo","status":"publish","type":"post","link":"https:\/\/diarioavancetabasco.com\/?p=364732","title":{"rendered":"Se reuni\u00f3 l\u00edder del  Sitet con  Burelo"},"content":{"rendered":"<p><!--\np.p1 {margin: 0.0px 0.0px 0.0px 0.0px; text-align: justify; line-height: 10.0px; font: 10.0px Whitman}\np.p2 {margin: 0.0px 0.0px 0.0px 0.0px; text-align: justify; text-indent: 6.0px; line-height: 10.0px; font: 10.0px Whitman}\n-->Clemente Ortiz M\u00e9ndez,\u00a0secretario general del Sindicato Independiente de Trabajadores de la Educaci\u00f3n (SITET), visit\u00f3 las instalaciones del partido MORENA para sostener una reuni\u00f3n de trabajo con el dirigente del partido, C\u00e9sar Burelo Burelo.<\/p>\n<p>Coment\u00f3 que esta fue\u00a0una visita de cortes\u00eda, en la que se solicit\u00f3 un\u00a0acercamiento con el gobernador electo, Ad\u00e1n Augusto L\u00f3pez Hern\u00e1ndez.<\/p>\n<p>\u201cEllos son parte de la transformaci\u00f3n del pa\u00eds, entonces siempre es importante intercambiar puntos de vista, sobre todo en la materia que nos ocupa a nosotros que es la educativa, fue un encuentro de acercamiento y darle a conocer la situaci\u00f3n de nuestra organizaci\u00f3n\u201d.<\/p>\n<p>Entrevistado por separado, el l\u00edder de MORENA, C\u00e9sar Burelo dijo que el representante magisterial y su equipo de trabajo mostraron disposici\u00f3n para trabajar con el nuevo gobierno.<\/p>\n","protected":false},"excerpt":{"rendered":"<p>Clemente Ortiz M\u00e9ndez,\u00a0secretario general del Sindicato Independiente de Trabajadores de la Educaci\u00f3n (SITET), visit\u00f3 las instalaciones del partido MORENA para sostener una reuni\u00f3n de trabajo con el dirigente del partido, C\u00e9sar Burelo Burelo. Coment\u00f3 que esta fue\u00a0una visita de cortes\u00eda, en la que se solicit\u00f3 un\u00a0acercamiento con el gobernador electo, Ad\u00e1n Augusto L\u00f3pez Hern\u00e1ndez. \u201cEllos [&hellip;]<\/p>\n","protected":false},"author":2,"featured_media":364729,"comment_status":"closed","ping_status":"closed","sticky":false,"template":"","format":"standard","meta":{"footnotes":""},"categories":[9],"tags":[],"class_list":["post-364732","post","type-post","status-publish","format-standard","has-post-thumbnail","hentry","category-politica"],"_links":{"self":[{"href":"https:\/\/diarioavancetabasco.com\/index.php?rest_route=\/wp\/v2\/posts\/364732","targetHints":{"allow":["GET"]}}],"collection":[{"href":"https:\/\/diarioavancetabasco.com\/index.php?rest_route=\/wp\/v2\/posts"}],"about":[{"href":"https:\/\/diarioavancetabasco.com\/index.php?rest_route=\/wp\/v2\/types\/post"}],"author":[{"embeddable":true,"href":"https:\/\/diarioavancetabasco.com\/index.php?rest_route=\/wp\/v2\/users\/2"}],"replies":[{"embeddable":true,"href":"https:\/\/diarioavancetabasco.com\/index.php?rest_route=%2Fwp%2Fv2%2Fcomments&post=364732"}],"version-history":[{"count":2,"href":"https:\/\/diarioavancetabasco.com\/index.php?rest_route=\/wp\/v2\/posts\/364732\/revisions"}],"predecessor-version":[{"id":364779,"href":"https:\/\/diarioavancetabasco.com\/index.php?rest_route=\/wp\/v2\/posts\/364732\/revisions\/364779"}],"wp:featuredmedia":[{"embeddable":true,"href":"https:\/\/diarioavancetabasco.com\/index.php?rest_route=\/wp\/v2\/media\/364729"}],"wp:attachment":[{"href":"https:\/\/diarioavancetabasco.com\/index.php?rest_route=%2Fwp%2Fv2%2Fmedia&parent=364732"}],"wp:term":[{"taxonomy":"category","embeddable":true,"href":"https:\/\/diarioavancetabasco.com\/index.php?rest_route=%2Fwp%2Fv2%2Fcategories&post=364732"},{"taxonomy":"post_tag","embeddable":true,"href":"https:\/\/diarioavancetabasco.com\/index.php?rest_route=%2Fwp%2Fv2%2Ftags&post=364732"}],"curies":[{"name":"wp","href":"https:\/\/api.w.org\/{rel}","templated":true}]}}