{"id":364740,"date":"2018-11-07T00:01:26","date_gmt":"2018-11-07T06:01:26","guid":{"rendered":"http:\/\/diarioavancetabasco.com\/?p=364740"},"modified":"2018-11-07T00:01:48","modified_gmt":"2018-11-07T06:01:48","slug":"la-chilindrina-tiene-reemplazo","status":"publish","type":"post","link":"https:\/\/diarioavancetabasco.com\/?p=364740","title":{"rendered":"La Chilindrina tiene reemplazo"},"content":{"rendered":"<p><!--\np.p1 {margin: 0.0px 0.0px 0.0px 0.0px; text-align: justify; line-height: 10.0px; font: 52.0px Whitman}\np.p2 {margin: 0.0px 0.0px 0.0px 0.0px; text-align: justify; line-height: 10.0px; font: 10.0px Whitman}\np.p3 {margin: 0.0px 0.0px 0.0px 0.0px; text-align: justify; text-indent: 6.0px; line-height: 10.0px; font: 10.0px Whitman}\nspan.s1 {letter-spacing: -0.4px}\n-->A unos d\u00edas de que se estrene en nuestro pa\u00eds la secuela de \u201cRalph el demoledor\u201d, se dio a conocer que Mar\u00eda Antonieta de las Nieves, \u201cLa Chilindrina\u201d, quien prest\u00f3 su voz a la peque\u00f1a Vanellope von Schweetz en la pel\u00edcula de Disney, no volver\u00e1 para la segunda parte.<\/p>\n<p>La ic\u00f3nica comediante de \u201cEl chavo del 8\u201d ser\u00e1 reemplazada por la actriz de doblaje Liliana Barba, quien es conocida por interpretar\u00a0 a Lizzie McGuire en la serie hom\u00f3nima de Disney y Regina George en \u201cChicas Pesadas\u201d.<\/p>\n","protected":false},"excerpt":{"rendered":"<p>A unos d\u00edas de que se estrene en nuestro pa\u00eds la secuela de \u201cRalph el demoledor\u201d, se dio a conocer que Mar\u00eda Antonieta de las Nieves, \u201cLa Chilindrina\u201d, quien prest\u00f3 su voz a la peque\u00f1a Vanellope von Schweetz en la pel\u00edcula de Disney, no volver\u00e1 para la segunda parte. La ic\u00f3nica comediante de \u201cEl chavo [&hellip;]<\/p>\n","protected":false},"author":2,"featured_media":364718,"comment_status":"closed","ping_status":"closed","sticky":false,"template":"","format":"standard","meta":{"footnotes":""},"categories":[11],"tags":[],"class_list":["post-364740","post","type-post","status-publish","format-standard","has-post-thumbnail","hentry","category-espectaculos"],"_links":{"self":[{"href":"https:\/\/diarioavancetabasco.com\/index.php?rest_route=\/wp\/v2\/posts\/364740","targetHints":{"allow":["GET"]}}],"collection":[{"href":"https:\/\/diarioavancetabasco.com\/index.php?rest_route=\/wp\/v2\/posts"}],"about":[{"href":"https:\/\/diarioavancetabasco.com\/index.php?rest_route=\/wp\/v2\/types\/post"}],"author":[{"embeddable":true,"href":"https:\/\/diarioavancetabasco.com\/index.php?rest_route=\/wp\/v2\/users\/2"}],"replies":[{"embeddable":true,"href":"https:\/\/diarioavancetabasco.com\/index.php?rest_route=%2Fwp%2Fv2%2Fcomments&post=364740"}],"version-history":[{"count":2,"href":"https:\/\/diarioavancetabasco.com\/index.php?rest_route=\/wp\/v2\/posts\/364740\/revisions"}],"predecessor-version":[{"id":364765,"href":"https:\/\/diarioavancetabasco.com\/index.php?rest_route=\/wp\/v2\/posts\/364740\/revisions\/364765"}],"wp:featuredmedia":[{"embeddable":true,"href":"https:\/\/diarioavancetabasco.com\/index.php?rest_route=\/wp\/v2\/media\/364718"}],"wp:attachment":[{"href":"https:\/\/diarioavancetabasco.com\/index.php?rest_route=%2Fwp%2Fv2%2Fmedia&parent=364740"}],"wp:term":[{"taxonomy":"category","embeddable":true,"href":"https:\/\/diarioavancetabasco.com\/index.php?rest_route=%2Fwp%2Fv2%2Fcategories&post=364740"},{"taxonomy":"post_tag","embeddable":true,"href":"https:\/\/diarioavancetabasco.com\/index.php?rest_route=%2Fwp%2Fv2%2Ftags&post=364740"}],"curies":[{"name":"wp","href":"https:\/\/api.w.org\/{rel}","templated":true}]}}