{"id":364758,"date":"2018-11-07T00:19:22","date_gmt":"2018-11-07T06:19:22","guid":{"rendered":"http:\/\/diarioavancetabasco.com\/?p=364758"},"modified":"2018-11-07T00:19:26","modified_gmt":"2018-11-07T06:19:26","slug":"alegna-y-canelo-ganan-el-pnd","status":"publish","type":"post","link":"https:\/\/diarioavancetabasco.com\/?p=364758","title":{"rendered":"Alegna y \u2018Canelo\u2019 ganan el PND"},"content":{"rendered":"<p><!--\np.p1 {margin: 0.0px 0.0px 0.0px 0.0px; text-align: justify; text-indent: 6.0px; line-height: 10.0px; font: 10.0px Whitman}\nspan.s1 {letter-spacing: -0.2px}\n-->La juvenil marchista mexicana Alegna Gonz\u00e1lez y el bicampe\u00f3n mundial de boxeo, Sa\u00fal \u2018Canelo\u2019 \u00c1lvarez resultaron ganadores del Premio Nacional de Deportes 2018, confirmaron fuentes a ESPN, en las categor\u00edas de deporte no profesional y deporte profesional, respectivamente. Por la tarde, la Comisi\u00f3n Nacional de Cultura F\u00edsica y Deporte (Conade) confirm\u00f3 la informaci\u00f3n.<\/p>\n<p>Alegna conquist\u00f3 la presea dorada en los 10 kil\u00f3metros de marcha durante el Mundial de Atletismo Sub 20 en Tampere, Finlandia, lo que le vali\u00f3 su conquista, mientras que su entrenador, Ignacio Zamudio, tambi\u00e9n result\u00f3 ganador en la categor\u00eda de entrenador, por su logro del pasado 6 de mayo.<\/p>\n<p>\u2018Canelo\u2019 \u00c1lvarez venci\u00f3 a Gennady Golovkin, el mejor peso mediano de los \u00faltimos tiempos, para consagrarse como doble campe\u00f3n mundial de la categor\u00eda y colocarse como el tercer mejor peleador libra por libra del mundo tras una intensa batalla realizada el pasado 15 de septiembre en Las Vegas.<\/p>\n<p>Tambi\u00e9n resultaron ganadores el entrenador de ciclismo Iv\u00e1n Ruiz, quien trabaja con Jessica Salazar, primera del ranking mundial en la prueba de los 500 metros y el halterista paral\u00edmpico Jes\u00fas Castillo.<\/p>\n","protected":false},"excerpt":{"rendered":"<p>La juvenil marchista mexicana Alegna Gonz\u00e1lez y el bicampe\u00f3n mundial de boxeo, Sa\u00fal \u2018Canelo\u2019 \u00c1lvarez resultaron ganadores del Premio Nacional de Deportes 2018, confirmaron fuentes a ESPN, en las categor\u00edas de deporte no profesional y deporte profesional, respectivamente. Por la tarde, la Comisi\u00f3n Nacional de Cultura F\u00edsica y Deporte (Conade) confirm\u00f3 la informaci\u00f3n. Alegna conquist\u00f3 [&hellip;]<\/p>\n","protected":false},"author":2,"featured_media":364756,"comment_status":"closed","ping_status":"closed","sticky":false,"template":"","format":"standard","meta":{"footnotes":""},"categories":[6],"tags":[],"class_list":["post-364758","post","type-post","status-publish","format-standard","has-post-thumbnail","hentry","category-deportes"],"_links":{"self":[{"href":"https:\/\/diarioavancetabasco.com\/index.php?rest_route=\/wp\/v2\/posts\/364758","targetHints":{"allow":["GET"]}}],"collection":[{"href":"https:\/\/diarioavancetabasco.com\/index.php?rest_route=\/wp\/v2\/posts"}],"about":[{"href":"https:\/\/diarioavancetabasco.com\/index.php?rest_route=\/wp\/v2\/types\/post"}],"author":[{"embeddable":true,"href":"https:\/\/diarioavancetabasco.com\/index.php?rest_route=\/wp\/v2\/users\/2"}],"replies":[{"embeddable":true,"href":"https:\/\/diarioavancetabasco.com\/index.php?rest_route=%2Fwp%2Fv2%2Fcomments&post=364758"}],"version-history":[{"count":2,"href":"https:\/\/diarioavancetabasco.com\/index.php?rest_route=\/wp\/v2\/posts\/364758\/revisions"}],"predecessor-version":[{"id":364772,"href":"https:\/\/diarioavancetabasco.com\/index.php?rest_route=\/wp\/v2\/posts\/364758\/revisions\/364772"}],"wp:featuredmedia":[{"embeddable":true,"href":"https:\/\/diarioavancetabasco.com\/index.php?rest_route=\/wp\/v2\/media\/364756"}],"wp:attachment":[{"href":"https:\/\/diarioavancetabasco.com\/index.php?rest_route=%2Fwp%2Fv2%2Fmedia&parent=364758"}],"wp:term":[{"taxonomy":"category","embeddable":true,"href":"https:\/\/diarioavancetabasco.com\/index.php?rest_route=%2Fwp%2Fv2%2Fcategories&post=364758"},{"taxonomy":"post_tag","embeddable":true,"href":"https:\/\/diarioavancetabasco.com\/index.php?rest_route=%2Fwp%2Fv2%2Ftags&post=364758"}],"curies":[{"name":"wp","href":"https:\/\/api.w.org\/{rel}","templated":true}]}}